{"id":2873,"date":"2023-05-04T14:56:32","date_gmt":"2023-05-04T18:56:32","guid":{"rendered":"https:\/\/moeb.ca\/uncategorized\/montreal-history-festival-2023-at-the-moeb\/"},"modified":"2023-05-04T14:58:43","modified_gmt":"2023-05-04T18:58:43","slug":"montreal-history-festival-2023-at-the-moeb","status":"publish","type":"post","link":"https:\/\/moeb.ca\/en\/news-archive\/montreal-history-festival-2023-at-the-moeb\/","title":{"rendered":"Montreal History Festival 2023 at the MOEB"},"content":{"rendered":"<p>The Mus\u00e9e des ondes Emile Berliner is proud to participate in the third edition of the Montreal History Festival organized by the Montreal History Museums. The festival will take place from May 12th to May 14, 2023.<\/p>\n<p>During the festival, the MOEB will present: \u201cDefinitely not Edison: Discover the world\u2019s first music industry in Montreal\u201d. Listen to music played on historic machines and hear the story of inventors racing to conquer the music world.<\/p>\n<p>Whether you are a history buff or simply curious to discover Montreal&#8217;s heritage, the Montreal History Festival is the perfect opportunity for an unforgettable and enriching experience. Join us to explore the past of this vibrant city. Discover what has shaped the culture and identity of Montreal today.<\/p>\n","protected":false},"excerpt":{"rendered":"<p>The Mus\u00e9e des ondes Emile Berliner is proud to participate in the third edition of the Montreal History Festival organized by the Montreal History Museums. The festival will take place from May 12th to May 14, 2023. During the festival, the MOEB will present: \u201cDefinitely not Edison: Discover the world\u2019s first music industry in Montreal\u201d. [&hellip;]<\/p>\n","protected":false},"author":1,"featured_media":0,"comment_status":"closed","ping_status":"closed","sticky":false,"template":"","format":"standard","meta":{"_acf_changed":false,"_genesis_hide_title":false,"_genesis_hide_breadcrumbs":false,"_genesis_hide_singular_image":false,"_genesis_hide_footer_widgets":false,"_genesis_custom_body_class":"","_genesis_custom_post_class":"","_genesis_layout":"","ngg_post_thumbnail":0,"footnotes":""},"categories":[76],"tags":[],"class_list":{"0":"post-2873","1":"post","2":"type-post","3":"status-publish","4":"format-standard","6":"category-news-archive","7":"entry"},"acf":[],"yoast_head":"<!-- This site is optimized with the Yoast SEO plugin v27.4 - https:\/\/yoast.com\/product\/yoast-seo-wordpress\/ -->\n<title>Montreal History Festival 2023 at the MOEB - Mus\u00e9e des ondes Emile Berliner<\/title>\n<meta name=\"robots\" content=\"index, follow, max-snippet:-1, max-image-preview:large, max-video-preview:-1\" \/>\n<link rel=\"canonical\" href=\"https:\/\/moeb.ca\/en\/news-archive\/montreal-history-festival-2023-at-the-moeb\/\" \/>\n<meta property=\"og:locale\" content=\"en_US\" \/>\n<meta property=\"og:type\" content=\"article\" \/>\n<meta property=\"og:title\" content=\"Montreal History Festival 2023 at the MOEB - Mus\u00e9e des ondes Emile Berliner\" \/>\n<meta property=\"og:description\" content=\"The Mus\u00e9e des ondes Emile Berliner is proud to participate in the third edition of the Montreal History Festival organized by the Montreal History Museums. The festival will take place from May 12th to May 14, 2023. During the festival, the MOEB will present: \u201cDefinitely not Edison: Discover the world\u2019s first music industry in Montreal\u201d. [&hellip;]\" \/>\n<meta property=\"og:url\" content=\"https:\/\/moeb.ca\/en\/news-archive\/montreal-history-festival-2023-at-the-moeb\/\" \/>\n<meta property=\"og:site_name\" content=\"Mus\u00e9e des ondes Emile Berliner\" \/>\n<meta property=\"article:publisher\" content=\"https:\/\/www.facebook.com\/Mus%c3%a9e-des-ondes-Emile-Berliner-368583116562909\/\" \/>\n<meta property=\"article:published_time\" content=\"2023-05-04T18:56:32+00:00\" \/>\n<meta property=\"article:modified_time\" content=\"2023-05-04T18:58:43+00:00\" \/>\n<meta name=\"author\" content=\"adminfrank\" \/>\n<meta name=\"twitter:card\" content=\"summary_large_image\" \/>\n<meta name=\"twitter:label1\" content=\"Written by\" \/>\n\t<meta name=\"twitter:data1\" content=\"adminfrank\" \/>\n\t<meta name=\"twitter:label2\" content=\"Est. reading time\" \/>\n\t<meta name=\"twitter:data2\" content=\"1 minute\" \/>\n<script type=\"application\/ld+json\" class=\"yoast-schema-graph\">{\"@context\":\"https:\\\/\\\/schema.org\",\"@graph\":[{\"@type\":\"Article\",\"@id\":\"https:\\\/\\\/moeb.ca\\\/en\\\/news-archive\\\/montreal-history-festival-2023-at-the-moeb\\\/#article\",\"isPartOf\":{\"@id\":\"https:\\\/\\\/moeb.ca\\\/en\\\/news-archive\\\/montreal-history-festival-2023-at-the-moeb\\\/\"},\"author\":{\"name\":\"adminfrank\",\"@id\":\"https:\\\/\\\/moeb.ca\\\/en\\\/#\\\/schema\\\/person\\\/e96fbec64ce9a47ca38fa06666c058fb\"},\"headline\":\"Montreal History Festival 2023 at the MOEB\",\"datePublished\":\"2023-05-04T18:56:32+00:00\",\"dateModified\":\"2023-05-04T18:58:43+00:00\",\"mainEntityOfPage\":{\"@id\":\"https:\\\/\\\/moeb.ca\\\/en\\\/news-archive\\\/montreal-history-festival-2023-at-the-moeb\\\/\"},\"wordCount\":129,\"publisher\":{\"@id\":\"https:\\\/\\\/moeb.ca\\\/en\\\/#organization\"},\"articleSection\":[\"News Archive\"],\"inLanguage\":\"en-US\"},{\"@type\":\"WebPage\",\"@id\":\"https:\\\/\\\/moeb.ca\\\/en\\\/news-archive\\\/montreal-history-festival-2023-at-the-moeb\\\/\",\"url\":\"https:\\\/\\\/moeb.ca\\\/en\\\/news-archive\\\/montreal-history-festival-2023-at-the-moeb\\\/\",\"name\":\"Montreal History Festival 2023 at the MOEB - Mus\u00e9e des ondes Emile Berliner\",\"isPartOf\":{\"@id\":\"https:\\\/\\\/moeb.ca\\\/en\\\/#website\"},\"datePublished\":\"2023-05-04T18:56:32+00:00\",\"dateModified\":\"2023-05-04T18:58:43+00:00\",\"breadcrumb\":{\"@id\":\"https:\\\/\\\/moeb.ca\\\/en\\\/news-archive\\\/montreal-history-festival-2023-at-the-moeb\\\/#breadcrumb\"},\"inLanguage\":\"en-US\",\"potentialAction\":[{\"@type\":\"ReadAction\",\"target\":[\"https:\\\/\\\/moeb.ca\\\/en\\\/news-archive\\\/montreal-history-festival-2023-at-the-moeb\\\/\"]}]},{\"@type\":\"BreadcrumbList\",\"@id\":\"https:\\\/\\\/moeb.ca\\\/en\\\/news-archive\\\/montreal-history-festival-2023-at-the-moeb\\\/#breadcrumb\",\"itemListElement\":[{\"@type\":\"ListItem\",\"position\":1,\"name\":\"Home\",\"item\":\"https:\\\/\\\/moeb.ca\\\/en\\\/\"},{\"@type\":\"ListItem\",\"position\":2,\"name\":\"Montreal History Festival 2023 at the MOEB\"}]},{\"@type\":\"WebSite\",\"@id\":\"https:\\\/\\\/moeb.ca\\\/en\\\/#website\",\"url\":\"https:\\\/\\\/moeb.ca\\\/en\\\/\",\"name\":\"Mus\u00e9e des ondes Emile Berliner\",\"description\":\"Diffuser le patrimoine associ\u00e9 \u00e0 l&#039;histoire de l\u2019industrie des ondes sonores\",\"publisher\":{\"@id\":\"https:\\\/\\\/moeb.ca\\\/en\\\/#organization\"},\"potentialAction\":[{\"@type\":\"SearchAction\",\"target\":{\"@type\":\"EntryPoint\",\"urlTemplate\":\"https:\\\/\\\/moeb.ca\\\/en\\\/?s={search_term_string}\"},\"query-input\":{\"@type\":\"PropertyValueSpecification\",\"valueRequired\":true,\"valueName\":\"search_term_string\"}}],\"inLanguage\":\"en-US\"},{\"@type\":\"Organization\",\"@id\":\"https:\\\/\\\/moeb.ca\\\/en\\\/#organization\",\"name\":\"Mus\u00e9e des Ondes Emile Berliner\",\"url\":\"https:\\\/\\\/moeb.ca\\\/en\\\/\",\"logo\":{\"@type\":\"ImageObject\",\"inLanguage\":\"en-US\",\"@id\":\"https:\\\/\\\/moeb.ca\\\/en\\\/#\\\/schema\\\/logo\\\/image\\\/\",\"url\":\"https:\\\/\\\/moeb.ca\\\/wp-content\\\/uploads\\\/2020\\\/08\\\/moeb-logo.jpg\",\"contentUrl\":\"https:\\\/\\\/moeb.ca\\\/wp-content\\\/uploads\\\/2020\\\/08\\\/moeb-logo.jpg\",\"width\":225,\"height\":120,\"caption\":\"Mus\u00e9e des Ondes Emile Berliner\"},\"image\":{\"@id\":\"https:\\\/\\\/moeb.ca\\\/en\\\/#\\\/schema\\\/logo\\\/image\\\/\"},\"sameAs\":[\"https:\\\/\\\/www.facebook.com\\\/Mus\u00e9e-des-ondes-Emile-Berliner-368583116562909\\\/\"]},{\"@type\":\"Person\",\"@id\":\"https:\\\/\\\/moeb.ca\\\/en\\\/#\\\/schema\\\/person\\\/e96fbec64ce9a47ca38fa06666c058fb\",\"name\":\"adminfrank\",\"image\":{\"@type\":\"ImageObject\",\"inLanguage\":\"en-US\",\"@id\":\"https:\\\/\\\/secure.gravatar.com\\\/avatar\\\/c44ec61a824cb77cee3df62110fd9d538b1645b71e7c83299087b0f85ff21f8e?s=96&d=mm&r=g\",\"url\":\"https:\\\/\\\/secure.gravatar.com\\\/avatar\\\/c44ec61a824cb77cee3df62110fd9d538b1645b71e7c83299087b0f85ff21f8e?s=96&d=mm&r=g\",\"contentUrl\":\"https:\\\/\\\/secure.gravatar.com\\\/avatar\\\/c44ec61a824cb77cee3df62110fd9d538b1645b71e7c83299087b0f85ff21f8e?s=96&d=mm&r=g\",\"caption\":\"adminfrank\"},\"sameAs\":[\"https:\\\/\\\/moeb.ca\"]}]}<\/script>\n<!-- \/ Yoast SEO plugin. -->","yoast_head_json":{"title":"Montreal History Festival 2023 at the MOEB - Mus\u00e9e des ondes Emile Berliner","robots":{"index":"index","follow":"follow","max-snippet":"max-snippet:-1","max-image-preview":"max-image-preview:large","max-video-preview":"max-video-preview:-1"},"canonical":"https:\/\/moeb.ca\/en\/news-archive\/montreal-history-festival-2023-at-the-moeb\/","og_locale":"en_US","og_type":"article","og_title":"Montreal History Festival 2023 at the MOEB - Mus\u00e9e des ondes Emile Berliner","og_description":"The Mus\u00e9e des ondes Emile Berliner is proud to participate in the third edition of the Montreal History Festival organized by the Montreal History Museums. The festival will take place from May 12th to May 14, 2023. During the festival, the MOEB will present: \u201cDefinitely not Edison: Discover the world\u2019s first music industry in Montreal\u201d. [&hellip;]","og_url":"https:\/\/moeb.ca\/en\/news-archive\/montreal-history-festival-2023-at-the-moeb\/","og_site_name":"Mus\u00e9e des ondes Emile Berliner","article_publisher":"https:\/\/www.facebook.com\/Mus%c3%a9e-des-ondes-Emile-Berliner-368583116562909\/","article_published_time":"2023-05-04T18:56:32+00:00","article_modified_time":"2023-05-04T18:58:43+00:00","author":"adminfrank","twitter_card":"summary_large_image","twitter_misc":{"Written by":"adminfrank","Est. reading time":"1 minute"},"schema":{"@context":"https:\/\/schema.org","@graph":[{"@type":"Article","@id":"https:\/\/moeb.ca\/en\/news-archive\/montreal-history-festival-2023-at-the-moeb\/#article","isPartOf":{"@id":"https:\/\/moeb.ca\/en\/news-archive\/montreal-history-festival-2023-at-the-moeb\/"},"author":{"name":"adminfrank","@id":"https:\/\/moeb.ca\/en\/#\/schema\/person\/e96fbec64ce9a47ca38fa06666c058fb"},"headline":"Montreal History Festival 2023 at the MOEB","datePublished":"2023-05-04T18:56:32+00:00","dateModified":"2023-05-04T18:58:43+00:00","mainEntityOfPage":{"@id":"https:\/\/moeb.ca\/en\/news-archive\/montreal-history-festival-2023-at-the-moeb\/"},"wordCount":129,"publisher":{"@id":"https:\/\/moeb.ca\/en\/#organization"},"articleSection":["News Archive"],"inLanguage":"en-US"},{"@type":"WebPage","@id":"https:\/\/moeb.ca\/en\/news-archive\/montreal-history-festival-2023-at-the-moeb\/","url":"https:\/\/moeb.ca\/en\/news-archive\/montreal-history-festival-2023-at-the-moeb\/","name":"Montreal History Festival 2023 at the MOEB - Mus\u00e9e des ondes Emile Berliner","isPartOf":{"@id":"https:\/\/moeb.ca\/en\/#website"},"datePublished":"2023-05-04T18:56:32+00:00","dateModified":"2023-05-04T18:58:43+00:00","breadcrumb":{"@id":"https:\/\/moeb.ca\/en\/news-archive\/montreal-history-festival-2023-at-the-moeb\/#breadcrumb"},"inLanguage":"en-US","potentialAction":[{"@type":"ReadAction","target":["https:\/\/moeb.ca\/en\/news-archive\/montreal-history-festival-2023-at-the-moeb\/"]}]},{"@type":"BreadcrumbList","@id":"https:\/\/moeb.ca\/en\/news-archive\/montreal-history-festival-2023-at-the-moeb\/#breadcrumb","itemListElement":[{"@type":"ListItem","position":1,"name":"Home","item":"https:\/\/moeb.ca\/en\/"},{"@type":"ListItem","position":2,"name":"Montreal History Festival 2023 at the MOEB"}]},{"@type":"WebSite","@id":"https:\/\/moeb.ca\/en\/#website","url":"https:\/\/moeb.ca\/en\/","name":"Mus\u00e9e des ondes Emile Berliner","description":"Diffuser le patrimoine associ\u00e9 \u00e0 l&#039;histoire de l\u2019industrie des ondes sonores","publisher":{"@id":"https:\/\/moeb.ca\/en\/#organization"},"potentialAction":[{"@type":"SearchAction","target":{"@type":"EntryPoint","urlTemplate":"https:\/\/moeb.ca\/en\/?s={search_term_string}"},"query-input":{"@type":"PropertyValueSpecification","valueRequired":true,"valueName":"search_term_string"}}],"inLanguage":"en-US"},{"@type":"Organization","@id":"https:\/\/moeb.ca\/en\/#organization","name":"Mus\u00e9e des Ondes Emile Berliner","url":"https:\/\/moeb.ca\/en\/","logo":{"@type":"ImageObject","inLanguage":"en-US","@id":"https:\/\/moeb.ca\/en\/#\/schema\/logo\/image\/","url":"https:\/\/moeb.ca\/wp-content\/uploads\/2020\/08\/moeb-logo.jpg","contentUrl":"https:\/\/moeb.ca\/wp-content\/uploads\/2020\/08\/moeb-logo.jpg","width":225,"height":120,"caption":"Mus\u00e9e des Ondes Emile Berliner"},"image":{"@id":"https:\/\/moeb.ca\/en\/#\/schema\/logo\/image\/"},"sameAs":["https:\/\/www.facebook.com\/Mus\u00e9e-des-ondes-Emile-Berliner-368583116562909\/"]},{"@type":"Person","@id":"https:\/\/moeb.ca\/en\/#\/schema\/person\/e96fbec64ce9a47ca38fa06666c058fb","name":"adminfrank","image":{"@type":"ImageObject","inLanguage":"en-US","@id":"https:\/\/secure.gravatar.com\/avatar\/c44ec61a824cb77cee3df62110fd9d538b1645b71e7c83299087b0f85ff21f8e?s=96&d=mm&r=g","url":"https:\/\/secure.gravatar.com\/avatar\/c44ec61a824cb77cee3df62110fd9d538b1645b71e7c83299087b0f85ff21f8e?s=96&d=mm&r=g","contentUrl":"https:\/\/secure.gravatar.com\/avatar\/c44ec61a824cb77cee3df62110fd9d538b1645b71e7c83299087b0f85ff21f8e?s=96&d=mm&r=g","caption":"adminfrank"},"sameAs":["https:\/\/moeb.ca"]}]}},"_links":{"self":[{"href":"https:\/\/moeb.ca\/en\/wp-json\/wp\/v2\/posts\/2873","targetHints":{"allow":["GET"]}}],"collection":[{"href":"https:\/\/moeb.ca\/en\/wp-json\/wp\/v2\/posts"}],"about":[{"href":"https:\/\/moeb.ca\/en\/wp-json\/wp\/v2\/types\/post"}],"author":[{"embeddable":true,"href":"https:\/\/moeb.ca\/en\/wp-json\/wp\/v2\/users\/1"}],"replies":[{"embeddable":true,"href":"https:\/\/moeb.ca\/en\/wp-json\/wp\/v2\/comments?post=2873"}],"version-history":[{"count":0,"href":"https:\/\/moeb.ca\/en\/wp-json\/wp\/v2\/posts\/2873\/revisions"}],"wp:attachment":[{"href":"https:\/\/moeb.ca\/en\/wp-json\/wp\/v2\/media?parent=2873"}],"wp:term":[{"taxonomy":"category","embeddable":true,"href":"https:\/\/moeb.ca\/en\/wp-json\/wp\/v2\/categories?post=2873"},{"taxonomy":"post_tag","embeddable":true,"href":"https:\/\/moeb.ca\/en\/wp-json\/wp\/v2\/tags?post=2873"}],"curies":[{"name":"wp","href":"https:\/\/api.w.org\/{rel}","templated":true}]}}