{"id":2938,"date":"2023-08-11T15:20:09","date_gmt":"2023-08-11T19:20:09","guid":{"rendered":"https:\/\/moeb.ca\/?p=2938"},"modified":"2023-09-22T13:55:03","modified_gmt":"2023-09-22T17:55:03","slug":"donate-reserve-tickets","status":"publish","type":"post","link":"https:\/\/moeb.ca\/en\/news-archive\/donate-reserve-tickets\/","title":{"rendered":"Donate\/Reserve tickets"},"content":{"rendered":"<p><strong>Mus\u00e9e des ondes Emile Berliner<\/strong> thanks you for helping us preserve and promote the history of the music industry in Montr\u00e9al through your generous donations. All proceeds raised during our inaugural event will support <strong>Mus\u00e9e des ondes Emile Berliner&#8217;s<\/strong> ongoing efforts to educate and engage audiences in Montreal&#8217;s musical heritage.<\/p>\n<p><strong>All tickets are tax-deductible.<\/strong> Tax receipts will be a minimum of $100 for full priced tickets. <strong>If you would like your tax receipt, plase provide Mus\u00e9e des ondes Emile Berliner with your full official address in the form below<\/strong>. Tax receipts will be available in the new year; we thank you for your patience.<\/p>\n<h2>Donations<\/h2>\n<p>Donate and Reserve Tickets<\/p>\n<ul>\n<li>General: $125 minimum<\/li>\n<li>30 and under: $30 minimum<\/li>\n<\/ul>\n<p><iframe id='widgetFrame' src='https:\/\/www.findjoo.com\/POS\/Widget\/bc153580-6db8-4b21-84f6-aa72010854ad?editId=36a0215e-7c8a-4bd7-9bf4-0c59247ff80f&#038;hideProducts=true&#038;hideCourses=true&#038;hideBookings=true&#038;language=en' style='width: 99%; min-height: 400px; overflow-y: hidden' frameborder='0' scrolling='no' seamless='seamless'><\/iframe><\/p>\n","protected":false},"excerpt":{"rendered":"<p>Mus\u00e9e des ondes Emile Berliner thanks you for helping us preserve and promote the history of the music industry in Montr\u00e9al through your generous donations. All proceeds raised during our inaugural event will support Mus\u00e9e des ondes Emile Berliner&#8217;s ongoing efforts to educate and engage audiences in Montreal&#8217;s musical heritage. All tickets are tax-deductible. Tax [&hellip;]<\/p>\n","protected":false},"author":1,"featured_media":0,"comment_status":"closed","ping_status":"closed","sticky":false,"template":"","format":"standard","meta":{"_acf_changed":false,"_genesis_hide_title":false,"_genesis_hide_breadcrumbs":false,"_genesis_hide_singular_image":false,"_genesis_hide_footer_widgets":false,"_genesis_custom_body_class":"","_genesis_custom_post_class":"","_genesis_layout":"","ngg_post_thumbnail":0,"footnotes":""},"categories":[76],"tags":[],"class_list":{"0":"post-2938","1":"post","2":"type-post","3":"status-publish","4":"format-standard","6":"category-news-archive","7":"entry"},"acf":[],"yoast_head":"<!-- This site is optimized with the Yoast SEO plugin v27.4 - https:\/\/yoast.com\/product\/yoast-seo-wordpress\/ -->\n<title>Donate\/Reserve tickets - Mus\u00e9e des ondes Emile Berliner<\/title>\n<meta name=\"robots\" content=\"index, follow, max-snippet:-1, max-image-preview:large, max-video-preview:-1\" \/>\n<link rel=\"canonical\" href=\"https:\/\/moeb.ca\/en\/news-archive\/donate-reserve-tickets\/\" \/>\n<meta property=\"og:locale\" content=\"en_US\" \/>\n<meta property=\"og:type\" content=\"article\" \/>\n<meta property=\"og:title\" content=\"Donate\/Reserve tickets Mus\u00e9e des ondes Emile Berliner\" \/>\n<meta property=\"og:description\" content=\"Mus\u00e9e des ondes Emile Berliner thanks you for helping us preserve and promote the history of the music industry in Montr\u00e9al through your generous donations. All proceeds raised during our inaugural event will support Mus\u00e9e des ondes Emile Berliner&#8217;s ongoing efforts to educate and engage audiences in Montreal&#8217;s musical heritage. All tickets are tax-deductible. Tax [&hellip;]\" \/>\n<meta property=\"og:url\" content=\"https:\/\/moeb.ca\/en\/news-archive\/donate-reserve-tickets\/\" \/>\n<meta property=\"og:site_name\" content=\"Mus\u00e9e des ondes Emile Berliner\" \/>\n<meta property=\"article:publisher\" content=\"https:\/\/www.facebook.com\/Mus%c3%a9e-des-ondes-Emile-Berliner-368583116562909\/\" \/>\n<meta property=\"article:published_time\" content=\"2023-08-11T19:20:09+00:00\" \/>\n<meta property=\"article:modified_time\" content=\"2023-09-22T17:55:03+00:00\" \/>\n<meta property=\"og:image\" content=\"https:\/\/moeb.ca\/wp-content\/uploads\/2023\/09\/soiree-14-septembre-facebook-912x400.jpg\" \/>\n<meta name=\"author\" content=\"adminfrank\" \/>\n<meta name=\"twitter:card\" content=\"summary_large_image\" \/>\n<meta name=\"twitter:title\" content=\"Donate\/Reserve tickets Mus\u00e9e des ondes Emile Berliner\" \/>\n<meta name=\"twitter:image\" content=\"https:\/\/moeb.ca\/wp-content\/uploads\/2023\/09\/soiree-14-septembre-2023-600x400.jpg\" \/>\n<meta name=\"twitter:label1\" content=\"Written by\" \/>\n\t<meta name=\"twitter:data1\" content=\"adminfrank\" \/>\n\t<meta name=\"twitter:label2\" content=\"Est. reading time\" \/>\n\t<meta name=\"twitter:data2\" content=\"1 minute\" \/>\n<script type=\"application\/ld+json\" class=\"yoast-schema-graph\">{\"@context\":\"https:\\\/\\\/schema.org\",\"@graph\":[{\"@type\":\"Article\",\"@id\":\"https:\\\/\\\/moeb.ca\\\/en\\\/news-archive\\\/donate-reserve-tickets\\\/#article\",\"isPartOf\":{\"@id\":\"https:\\\/\\\/moeb.ca\\\/en\\\/news-archive\\\/donate-reserve-tickets\\\/\"},\"author\":{\"name\":\"adminfrank\",\"@id\":\"https:\\\/\\\/moeb.ca\\\/en\\\/#\\\/schema\\\/person\\\/e96fbec64ce9a47ca38fa06666c058fb\"},\"headline\":\"Donate\\\/Reserve tickets\",\"datePublished\":\"2023-08-11T19:20:09+00:00\",\"dateModified\":\"2023-09-22T17:55:03+00:00\",\"mainEntityOfPage\":{\"@id\":\"https:\\\/\\\/moeb.ca\\\/en\\\/news-archive\\\/donate-reserve-tickets\\\/\"},\"wordCount\":122,\"publisher\":{\"@id\":\"https:\\\/\\\/moeb.ca\\\/en\\\/#organization\"},\"articleSection\":[\"News Archive\"],\"inLanguage\":\"en-US\"},{\"@type\":\"WebPage\",\"@id\":\"https:\\\/\\\/moeb.ca\\\/en\\\/news-archive\\\/donate-reserve-tickets\\\/\",\"url\":\"https:\\\/\\\/moeb.ca\\\/en\\\/news-archive\\\/donate-reserve-tickets\\\/\",\"name\":\"Donate\\\/Reserve tickets - Mus\u00e9e des ondes Emile Berliner\",\"isPartOf\":{\"@id\":\"https:\\\/\\\/moeb.ca\\\/en\\\/#website\"},\"datePublished\":\"2023-08-11T19:20:09+00:00\",\"dateModified\":\"2023-09-22T17:55:03+00:00\",\"breadcrumb\":{\"@id\":\"https:\\\/\\\/moeb.ca\\\/en\\\/news-archive\\\/donate-reserve-tickets\\\/#breadcrumb\"},\"inLanguage\":\"en-US\",\"potentialAction\":[{\"@type\":\"ReadAction\",\"target\":[\"https:\\\/\\\/moeb.ca\\\/en\\\/news-archive\\\/donate-reserve-tickets\\\/\"]}]},{\"@type\":\"BreadcrumbList\",\"@id\":\"https:\\\/\\\/moeb.ca\\\/en\\\/news-archive\\\/donate-reserve-tickets\\\/#breadcrumb\",\"itemListElement\":[{\"@type\":\"ListItem\",\"position\":1,\"name\":\"Home\",\"item\":\"https:\\\/\\\/moeb.ca\\\/en\\\/\"},{\"@type\":\"ListItem\",\"position\":2,\"name\":\"Donate\\\/Reserve tickets\"}]},{\"@type\":\"WebSite\",\"@id\":\"https:\\\/\\\/moeb.ca\\\/en\\\/#website\",\"url\":\"https:\\\/\\\/moeb.ca\\\/en\\\/\",\"name\":\"Mus\u00e9e des ondes Emile Berliner\",\"description\":\"Diffuser le patrimoine associ\u00e9 \u00e0 l&#039;histoire de l\u2019industrie des ondes sonores\",\"publisher\":{\"@id\":\"https:\\\/\\\/moeb.ca\\\/en\\\/#organization\"},\"potentialAction\":[{\"@type\":\"SearchAction\",\"target\":{\"@type\":\"EntryPoint\",\"urlTemplate\":\"https:\\\/\\\/moeb.ca\\\/en\\\/?s={search_term_string}\"},\"query-input\":{\"@type\":\"PropertyValueSpecification\",\"valueRequired\":true,\"valueName\":\"search_term_string\"}}],\"inLanguage\":\"en-US\"},{\"@type\":\"Organization\",\"@id\":\"https:\\\/\\\/moeb.ca\\\/en\\\/#organization\",\"name\":\"Mus\u00e9e des Ondes Emile Berliner\",\"url\":\"https:\\\/\\\/moeb.ca\\\/en\\\/\",\"logo\":{\"@type\":\"ImageObject\",\"inLanguage\":\"en-US\",\"@id\":\"https:\\\/\\\/moeb.ca\\\/en\\\/#\\\/schema\\\/logo\\\/image\\\/\",\"url\":\"https:\\\/\\\/moeb.ca\\\/wp-content\\\/uploads\\\/2020\\\/08\\\/moeb-logo.jpg\",\"contentUrl\":\"https:\\\/\\\/moeb.ca\\\/wp-content\\\/uploads\\\/2020\\\/08\\\/moeb-logo.jpg\",\"width\":225,\"height\":120,\"caption\":\"Mus\u00e9e des Ondes Emile Berliner\"},\"image\":{\"@id\":\"https:\\\/\\\/moeb.ca\\\/en\\\/#\\\/schema\\\/logo\\\/image\\\/\"},\"sameAs\":[\"https:\\\/\\\/www.facebook.com\\\/Mus\u00e9e-des-ondes-Emile-Berliner-368583116562909\\\/\"]},{\"@type\":\"Person\",\"@id\":\"https:\\\/\\\/moeb.ca\\\/en\\\/#\\\/schema\\\/person\\\/e96fbec64ce9a47ca38fa06666c058fb\",\"name\":\"adminfrank\",\"image\":{\"@type\":\"ImageObject\",\"inLanguage\":\"en-US\",\"@id\":\"https:\\\/\\\/secure.gravatar.com\\\/avatar\\\/c44ec61a824cb77cee3df62110fd9d538b1645b71e7c83299087b0f85ff21f8e?s=96&d=mm&r=g\",\"url\":\"https:\\\/\\\/secure.gravatar.com\\\/avatar\\\/c44ec61a824cb77cee3df62110fd9d538b1645b71e7c83299087b0f85ff21f8e?s=96&d=mm&r=g\",\"contentUrl\":\"https:\\\/\\\/secure.gravatar.com\\\/avatar\\\/c44ec61a824cb77cee3df62110fd9d538b1645b71e7c83299087b0f85ff21f8e?s=96&d=mm&r=g\",\"caption\":\"adminfrank\"},\"sameAs\":[\"https:\\\/\\\/moeb.ca\"]}]}<\/script>\n<!-- \/ Yoast SEO plugin. -->","yoast_head_json":{"title":"Donate\/Reserve tickets - Mus\u00e9e des ondes Emile Berliner","robots":{"index":"index","follow":"follow","max-snippet":"max-snippet:-1","max-image-preview":"max-image-preview:large","max-video-preview":"max-video-preview:-1"},"canonical":"https:\/\/moeb.ca\/en\/news-archive\/donate-reserve-tickets\/","og_locale":"en_US","og_type":"article","og_title":"Donate\/Reserve tickets Mus\u00e9e des ondes Emile Berliner","og_description":"Mus\u00e9e des ondes Emile Berliner thanks you for helping us preserve and promote the history of the music industry in Montr\u00e9al through your generous donations. All proceeds raised during our inaugural event will support Mus\u00e9e des ondes Emile Berliner&#8217;s ongoing efforts to educate and engage audiences in Montreal&#8217;s musical heritage. All tickets are tax-deductible. Tax [&hellip;]","og_url":"https:\/\/moeb.ca\/en\/news-archive\/donate-reserve-tickets\/","og_site_name":"Mus\u00e9e des ondes Emile Berliner","article_publisher":"https:\/\/www.facebook.com\/Mus%c3%a9e-des-ondes-Emile-Berliner-368583116562909\/","article_published_time":"2023-08-11T19:20:09+00:00","article_modified_time":"2023-09-22T17:55:03+00:00","og_image":[{"url":"https:\/\/moeb.ca\/wp-content\/uploads\/2023\/09\/soiree-14-septembre-facebook-912x400.jpg","type":"","width":"","height":""}],"author":"adminfrank","twitter_card":"summary_large_image","twitter_title":"Donate\/Reserve tickets Mus\u00e9e des ondes Emile Berliner","twitter_image":"https:\/\/moeb.ca\/wp-content\/uploads\/2023\/09\/soiree-14-septembre-2023-600x400.jpg","twitter_misc":{"Written by":"adminfrank","Est. reading time":"1 minute"},"schema":{"@context":"https:\/\/schema.org","@graph":[{"@type":"Article","@id":"https:\/\/moeb.ca\/en\/news-archive\/donate-reserve-tickets\/#article","isPartOf":{"@id":"https:\/\/moeb.ca\/en\/news-archive\/donate-reserve-tickets\/"},"author":{"name":"adminfrank","@id":"https:\/\/moeb.ca\/en\/#\/schema\/person\/e96fbec64ce9a47ca38fa06666c058fb"},"headline":"Donate\/Reserve tickets","datePublished":"2023-08-11T19:20:09+00:00","dateModified":"2023-09-22T17:55:03+00:00","mainEntityOfPage":{"@id":"https:\/\/moeb.ca\/en\/news-archive\/donate-reserve-tickets\/"},"wordCount":122,"publisher":{"@id":"https:\/\/moeb.ca\/en\/#organization"},"articleSection":["News Archive"],"inLanguage":"en-US"},{"@type":"WebPage","@id":"https:\/\/moeb.ca\/en\/news-archive\/donate-reserve-tickets\/","url":"https:\/\/moeb.ca\/en\/news-archive\/donate-reserve-tickets\/","name":"Donate\/Reserve tickets - Mus\u00e9e des ondes Emile Berliner","isPartOf":{"@id":"https:\/\/moeb.ca\/en\/#website"},"datePublished":"2023-08-11T19:20:09+00:00","dateModified":"2023-09-22T17:55:03+00:00","breadcrumb":{"@id":"https:\/\/moeb.ca\/en\/news-archive\/donate-reserve-tickets\/#breadcrumb"},"inLanguage":"en-US","potentialAction":[{"@type":"ReadAction","target":["https:\/\/moeb.ca\/en\/news-archive\/donate-reserve-tickets\/"]}]},{"@type":"BreadcrumbList","@id":"https:\/\/moeb.ca\/en\/news-archive\/donate-reserve-tickets\/#breadcrumb","itemListElement":[{"@type":"ListItem","position":1,"name":"Home","item":"https:\/\/moeb.ca\/en\/"},{"@type":"ListItem","position":2,"name":"Donate\/Reserve tickets"}]},{"@type":"WebSite","@id":"https:\/\/moeb.ca\/en\/#website","url":"https:\/\/moeb.ca\/en\/","name":"Mus\u00e9e des ondes Emile Berliner","description":"Diffuser le patrimoine associ\u00e9 \u00e0 l&#039;histoire de l\u2019industrie des ondes sonores","publisher":{"@id":"https:\/\/moeb.ca\/en\/#organization"},"potentialAction":[{"@type":"SearchAction","target":{"@type":"EntryPoint","urlTemplate":"https:\/\/moeb.ca\/en\/?s={search_term_string}"},"query-input":{"@type":"PropertyValueSpecification","valueRequired":true,"valueName":"search_term_string"}}],"inLanguage":"en-US"},{"@type":"Organization","@id":"https:\/\/moeb.ca\/en\/#organization","name":"Mus\u00e9e des Ondes Emile Berliner","url":"https:\/\/moeb.ca\/en\/","logo":{"@type":"ImageObject","inLanguage":"en-US","@id":"https:\/\/moeb.ca\/en\/#\/schema\/logo\/image\/","url":"https:\/\/moeb.ca\/wp-content\/uploads\/2020\/08\/moeb-logo.jpg","contentUrl":"https:\/\/moeb.ca\/wp-content\/uploads\/2020\/08\/moeb-logo.jpg","width":225,"height":120,"caption":"Mus\u00e9e des Ondes Emile Berliner"},"image":{"@id":"https:\/\/moeb.ca\/en\/#\/schema\/logo\/image\/"},"sameAs":["https:\/\/www.facebook.com\/Mus\u00e9e-des-ondes-Emile-Berliner-368583116562909\/"]},{"@type":"Person","@id":"https:\/\/moeb.ca\/en\/#\/schema\/person\/e96fbec64ce9a47ca38fa06666c058fb","name":"adminfrank","image":{"@type":"ImageObject","inLanguage":"en-US","@id":"https:\/\/secure.gravatar.com\/avatar\/c44ec61a824cb77cee3df62110fd9d538b1645b71e7c83299087b0f85ff21f8e?s=96&d=mm&r=g","url":"https:\/\/secure.gravatar.com\/avatar\/c44ec61a824cb77cee3df62110fd9d538b1645b71e7c83299087b0f85ff21f8e?s=96&d=mm&r=g","contentUrl":"https:\/\/secure.gravatar.com\/avatar\/c44ec61a824cb77cee3df62110fd9d538b1645b71e7c83299087b0f85ff21f8e?s=96&d=mm&r=g","caption":"adminfrank"},"sameAs":["https:\/\/moeb.ca"]}]}},"_links":{"self":[{"href":"https:\/\/moeb.ca\/en\/wp-json\/wp\/v2\/posts\/2938","targetHints":{"allow":["GET"]}}],"collection":[{"href":"https:\/\/moeb.ca\/en\/wp-json\/wp\/v2\/posts"}],"about":[{"href":"https:\/\/moeb.ca\/en\/wp-json\/wp\/v2\/types\/post"}],"author":[{"embeddable":true,"href":"https:\/\/moeb.ca\/en\/wp-json\/wp\/v2\/users\/1"}],"replies":[{"embeddable":true,"href":"https:\/\/moeb.ca\/en\/wp-json\/wp\/v2\/comments?post=2938"}],"version-history":[{"count":0,"href":"https:\/\/moeb.ca\/en\/wp-json\/wp\/v2\/posts\/2938\/revisions"}],"wp:attachment":[{"href":"https:\/\/moeb.ca\/en\/wp-json\/wp\/v2\/media?parent=2938"}],"wp:term":[{"taxonomy":"category","embeddable":true,"href":"https:\/\/moeb.ca\/en\/wp-json\/wp\/v2\/categories?post=2938"},{"taxonomy":"post_tag","embeddable":true,"href":"https:\/\/moeb.ca\/en\/wp-json\/wp\/v2\/tags?post=2938"}],"curies":[{"name":"wp","href":"https:\/\/api.w.org\/{rel}","templated":true}]}}