{"id":3169,"date":"2023-12-15T12:37:42","date_gmt":"2023-12-15T17:37:42","guid":{"rendered":"https:\/\/moeb.ca\/uncategorized\/death-of-maurice-mcduff\/"},"modified":"2023-12-18T14:02:13","modified_gmt":"2023-12-18T19:02:13","slug":"death-of-maurice-mcduff","status":"publish","type":"post","link":"https:\/\/moeb.ca\/en\/news\/death-of-maurice-mcduff\/","title":{"rendered":"Death of Maurice McDuff"},"content":{"rendered":"<p><img decoding=\"async\" class=\"wp-image-3166 alignleft\" src=\"https:\/\/moeb.ca\/wp-content\/uploads\/2023\/12\/Maurice-McDuff.jpg\" alt=\"Photo of Maurice McDuff\" width=\"356\" height=\"267\" srcset=\"https:\/\/moeb.ca\/wp-content\/uploads\/2023\/12\/Maurice-McDuff.jpg 800w, https:\/\/moeb.ca\/wp-content\/uploads\/2023\/12\/Maurice-McDuff-300x225.jpg 300w, https:\/\/moeb.ca\/wp-content\/uploads\/2023\/12\/Maurice-McDuff-768x576.jpg 768w, https:\/\/moeb.ca\/wp-content\/uploads\/2023\/12\/Maurice-McDuff-700x525.jpg 700w\" sizes=\"(max-width: 356px) 100vw, 356px\" \/>The Mus\u00e9e des ondes Emile Berliner bids farewell to its long-time volunteer photographer, Maurice McDuff, who died in Montreal on Tuesday, December 12, 2023 The MOEB team will miss his friendly and generous personality. He will remain in our memory at MOEB through the numerous photos he took of objects, events and exhibitions. Our most sincere condolences to all his family and friends.<\/p>\n","protected":false},"excerpt":{"rendered":"<p>The Mus\u00e9e des ondes Emile Berliner bids farewell to its long-time volunteer photographer, Maurice McDuff, who died in Montreal on Tuesday, December 12, 2023 The MOEB team will miss his friendly and generous personality. He will remain in our memory at MOEB through the numerous photos he took of objects, events and exhibitions. Our most [&hellip;]<\/p>\n","protected":false},"author":1,"featured_media":3167,"comment_status":"closed","ping_status":"closed","sticky":false,"template":"","format":"standard","meta":{"_acf_changed":false,"_genesis_hide_title":false,"_genesis_hide_breadcrumbs":false,"_genesis_hide_singular_image":false,"_genesis_hide_footer_widgets":false,"_genesis_custom_body_class":"","_genesis_custom_post_class":"","_genesis_layout":"","ngg_post_thumbnail":0,"footnotes":""},"categories":[16],"tags":[],"class_list":{"0":"post-3169","1":"post","2":"type-post","3":"status-publish","4":"format-standard","5":"has-post-thumbnail","7":"category-news","8":"entry"},"acf":[],"yoast_head":"<!-- This site is optimized with the Yoast SEO plugin v27.4 - https:\/\/yoast.com\/product\/yoast-seo-wordpress\/ -->\n<title>Death of Maurice McDuff - Mus\u00e9e des ondes Emile Berliner<\/title>\n<meta name=\"robots\" content=\"index, follow, max-snippet:-1, max-image-preview:large, max-video-preview:-1\" \/>\n<link rel=\"canonical\" href=\"https:\/\/moeb.ca\/en\/news\/death-of-maurice-mcduff\/\" \/>\n<meta property=\"og:locale\" content=\"en_US\" \/>\n<meta property=\"og:type\" content=\"article\" \/>\n<meta property=\"og:title\" content=\"Death of Maurice McDuff - Mus\u00e9e des ondes Emile Berliner\" \/>\n<meta property=\"og:description\" content=\"The Mus\u00e9e des ondes Emile Berliner bids farewell to its long-time volunteer photographer, Maurice McDuff, who died in Montreal on Tuesday, December 12, 2023 The MOEB team will miss his friendly and generous personality. He will remain in our memory at MOEB through the numerous photos he took of objects, events and exhibitions. Our most [&hellip;]\" \/>\n<meta property=\"og:url\" content=\"https:\/\/moeb.ca\/en\/news\/death-of-maurice-mcduff\/\" \/>\n<meta property=\"og:site_name\" content=\"Mus\u00e9e des ondes Emile Berliner\" \/>\n<meta property=\"article:publisher\" content=\"https:\/\/www.facebook.com\/Mus%c3%a9e-des-ondes-Emile-Berliner-368583116562909\/\" \/>\n<meta property=\"article:published_time\" content=\"2023-12-15T17:37:42+00:00\" \/>\n<meta property=\"article:modified_time\" content=\"2023-12-18T19:02:13+00:00\" \/>\n<meta property=\"og:image\" content=\"https:\/\/moeb.ca\/wp-content\/uploads\/2023\/12\/Maurice-McDuff.jpg\" \/>\n\t<meta property=\"og:image:width\" content=\"800\" \/>\n\t<meta property=\"og:image:height\" content=\"600\" \/>\n\t<meta property=\"og:image:type\" content=\"image\/jpeg\" \/>\n<meta name=\"author\" content=\"adminfrank\" \/>\n<meta name=\"twitter:card\" content=\"summary_large_image\" \/>\n<meta name=\"twitter:label1\" content=\"Written by\" \/>\n\t<meta name=\"twitter:data1\" content=\"adminfrank\" \/>\n<script type=\"application\/ld+json\" class=\"yoast-schema-graph\">{\"@context\":\"https:\\\/\\\/schema.org\",\"@graph\":[{\"@type\":\"Article\",\"@id\":\"https:\\\/\\\/moeb.ca\\\/en\\\/news\\\/death-of-maurice-mcduff\\\/#article\",\"isPartOf\":{\"@id\":\"https:\\\/\\\/moeb.ca\\\/en\\\/news\\\/death-of-maurice-mcduff\\\/\"},\"author\":{\"name\":\"adminfrank\",\"@id\":\"https:\\\/\\\/moeb.ca\\\/en\\\/#\\\/schema\\\/person\\\/e96fbec64ce9a47ca38fa06666c058fb\"},\"headline\":\"Death of Maurice McDuff\",\"datePublished\":\"2023-12-15T17:37:42+00:00\",\"dateModified\":\"2023-12-18T19:02:13+00:00\",\"mainEntityOfPage\":{\"@id\":\"https:\\\/\\\/moeb.ca\\\/en\\\/news\\\/death-of-maurice-mcduff\\\/\"},\"wordCount\":66,\"publisher\":{\"@id\":\"https:\\\/\\\/moeb.ca\\\/en\\\/#organization\"},\"image\":{\"@id\":\"https:\\\/\\\/moeb.ca\\\/en\\\/news\\\/death-of-maurice-mcduff\\\/#primaryimage\"},\"thumbnailUrl\":\"https:\\\/\\\/moeb.ca\\\/wp-content\\\/uploads\\\/2023\\\/12\\\/Maurice-McDuff.jpg\",\"articleSection\":[\"News\"],\"inLanguage\":\"en-US\"},{\"@type\":\"WebPage\",\"@id\":\"https:\\\/\\\/moeb.ca\\\/en\\\/news\\\/death-of-maurice-mcduff\\\/\",\"url\":\"https:\\\/\\\/moeb.ca\\\/en\\\/news\\\/death-of-maurice-mcduff\\\/\",\"name\":\"Death of Maurice McDuff - Mus\u00e9e des ondes Emile Berliner\",\"isPartOf\":{\"@id\":\"https:\\\/\\\/moeb.ca\\\/en\\\/#website\"},\"primaryImageOfPage\":{\"@id\":\"https:\\\/\\\/moeb.ca\\\/en\\\/news\\\/death-of-maurice-mcduff\\\/#primaryimage\"},\"image\":{\"@id\":\"https:\\\/\\\/moeb.ca\\\/en\\\/news\\\/death-of-maurice-mcduff\\\/#primaryimage\"},\"thumbnailUrl\":\"https:\\\/\\\/moeb.ca\\\/wp-content\\\/uploads\\\/2023\\\/12\\\/Maurice-McDuff.jpg\",\"datePublished\":\"2023-12-15T17:37:42+00:00\",\"dateModified\":\"2023-12-18T19:02:13+00:00\",\"breadcrumb\":{\"@id\":\"https:\\\/\\\/moeb.ca\\\/en\\\/news\\\/death-of-maurice-mcduff\\\/#breadcrumb\"},\"inLanguage\":\"en-US\",\"potentialAction\":[{\"@type\":\"ReadAction\",\"target\":[\"https:\\\/\\\/moeb.ca\\\/en\\\/news\\\/death-of-maurice-mcduff\\\/\"]}]},{\"@type\":\"ImageObject\",\"inLanguage\":\"en-US\",\"@id\":\"https:\\\/\\\/moeb.ca\\\/en\\\/news\\\/death-of-maurice-mcduff\\\/#primaryimage\",\"url\":\"https:\\\/\\\/moeb.ca\\\/wp-content\\\/uploads\\\/2023\\\/12\\\/Maurice-McDuff.jpg\",\"contentUrl\":\"https:\\\/\\\/moeb.ca\\\/wp-content\\\/uploads\\\/2023\\\/12\\\/Maurice-McDuff.jpg\",\"width\":800,\"height\":600,\"caption\":\"Photo de Maurice McDuff\"},{\"@type\":\"BreadcrumbList\",\"@id\":\"https:\\\/\\\/moeb.ca\\\/en\\\/news\\\/death-of-maurice-mcduff\\\/#breadcrumb\",\"itemListElement\":[{\"@type\":\"ListItem\",\"position\":1,\"name\":\"Home\",\"item\":\"https:\\\/\\\/moeb.ca\\\/en\\\/\"},{\"@type\":\"ListItem\",\"position\":2,\"name\":\"Death of Maurice McDuff\"}]},{\"@type\":\"WebSite\",\"@id\":\"https:\\\/\\\/moeb.ca\\\/en\\\/#website\",\"url\":\"https:\\\/\\\/moeb.ca\\\/en\\\/\",\"name\":\"Mus\u00e9e des ondes Emile Berliner\",\"description\":\"Diffuser le patrimoine associ\u00e9 \u00e0 l&#039;histoire de l\u2019industrie des ondes sonores\",\"publisher\":{\"@id\":\"https:\\\/\\\/moeb.ca\\\/en\\\/#organization\"},\"potentialAction\":[{\"@type\":\"SearchAction\",\"target\":{\"@type\":\"EntryPoint\",\"urlTemplate\":\"https:\\\/\\\/moeb.ca\\\/en\\\/?s={search_term_string}\"},\"query-input\":{\"@type\":\"PropertyValueSpecification\",\"valueRequired\":true,\"valueName\":\"search_term_string\"}}],\"inLanguage\":\"en-US\"},{\"@type\":\"Organization\",\"@id\":\"https:\\\/\\\/moeb.ca\\\/en\\\/#organization\",\"name\":\"Mus\u00e9e des Ondes Emile Berliner\",\"url\":\"https:\\\/\\\/moeb.ca\\\/en\\\/\",\"logo\":{\"@type\":\"ImageObject\",\"inLanguage\":\"en-US\",\"@id\":\"https:\\\/\\\/moeb.ca\\\/en\\\/#\\\/schema\\\/logo\\\/image\\\/\",\"url\":\"https:\\\/\\\/moeb.ca\\\/wp-content\\\/uploads\\\/2020\\\/08\\\/moeb-logo.jpg\",\"contentUrl\":\"https:\\\/\\\/moeb.ca\\\/wp-content\\\/uploads\\\/2020\\\/08\\\/moeb-logo.jpg\",\"width\":225,\"height\":120,\"caption\":\"Mus\u00e9e des Ondes Emile Berliner\"},\"image\":{\"@id\":\"https:\\\/\\\/moeb.ca\\\/en\\\/#\\\/schema\\\/logo\\\/image\\\/\"},\"sameAs\":[\"https:\\\/\\\/www.facebook.com\\\/Mus\u00e9e-des-ondes-Emile-Berliner-368583116562909\\\/\"]},{\"@type\":\"Person\",\"@id\":\"https:\\\/\\\/moeb.ca\\\/en\\\/#\\\/schema\\\/person\\\/e96fbec64ce9a47ca38fa06666c058fb\",\"name\":\"adminfrank\",\"image\":{\"@type\":\"ImageObject\",\"inLanguage\":\"en-US\",\"@id\":\"https:\\\/\\\/secure.gravatar.com\\\/avatar\\\/c44ec61a824cb77cee3df62110fd9d538b1645b71e7c83299087b0f85ff21f8e?s=96&d=mm&r=g\",\"url\":\"https:\\\/\\\/secure.gravatar.com\\\/avatar\\\/c44ec61a824cb77cee3df62110fd9d538b1645b71e7c83299087b0f85ff21f8e?s=96&d=mm&r=g\",\"contentUrl\":\"https:\\\/\\\/secure.gravatar.com\\\/avatar\\\/c44ec61a824cb77cee3df62110fd9d538b1645b71e7c83299087b0f85ff21f8e?s=96&d=mm&r=g\",\"caption\":\"adminfrank\"},\"sameAs\":[\"https:\\\/\\\/moeb.ca\"]}]}<\/script>\n<!-- \/ Yoast SEO plugin. -->","yoast_head_json":{"title":"Death of Maurice McDuff - Mus\u00e9e des ondes Emile Berliner","robots":{"index":"index","follow":"follow","max-snippet":"max-snippet:-1","max-image-preview":"max-image-preview:large","max-video-preview":"max-video-preview:-1"},"canonical":"https:\/\/moeb.ca\/en\/news\/death-of-maurice-mcduff\/","og_locale":"en_US","og_type":"article","og_title":"Death of Maurice McDuff - Mus\u00e9e des ondes Emile Berliner","og_description":"The Mus\u00e9e des ondes Emile Berliner bids farewell to its long-time volunteer photographer, Maurice McDuff, who died in Montreal on Tuesday, December 12, 2023 The MOEB team will miss his friendly and generous personality. He will remain in our memory at MOEB through the numerous photos he took of objects, events and exhibitions. Our most [&hellip;]","og_url":"https:\/\/moeb.ca\/en\/news\/death-of-maurice-mcduff\/","og_site_name":"Mus\u00e9e des ondes Emile Berliner","article_publisher":"https:\/\/www.facebook.com\/Mus%c3%a9e-des-ondes-Emile-Berliner-368583116562909\/","article_published_time":"2023-12-15T17:37:42+00:00","article_modified_time":"2023-12-18T19:02:13+00:00","og_image":[{"width":800,"height":600,"url":"https:\/\/moeb.ca\/wp-content\/uploads\/2023\/12\/Maurice-McDuff.jpg","type":"image\/jpeg"}],"author":"adminfrank","twitter_card":"summary_large_image","twitter_misc":{"Written by":"adminfrank"},"schema":{"@context":"https:\/\/schema.org","@graph":[{"@type":"Article","@id":"https:\/\/moeb.ca\/en\/news\/death-of-maurice-mcduff\/#article","isPartOf":{"@id":"https:\/\/moeb.ca\/en\/news\/death-of-maurice-mcduff\/"},"author":{"name":"adminfrank","@id":"https:\/\/moeb.ca\/en\/#\/schema\/person\/e96fbec64ce9a47ca38fa06666c058fb"},"headline":"Death of Maurice McDuff","datePublished":"2023-12-15T17:37:42+00:00","dateModified":"2023-12-18T19:02:13+00:00","mainEntityOfPage":{"@id":"https:\/\/moeb.ca\/en\/news\/death-of-maurice-mcduff\/"},"wordCount":66,"publisher":{"@id":"https:\/\/moeb.ca\/en\/#organization"},"image":{"@id":"https:\/\/moeb.ca\/en\/news\/death-of-maurice-mcduff\/#primaryimage"},"thumbnailUrl":"https:\/\/moeb.ca\/wp-content\/uploads\/2023\/12\/Maurice-McDuff.jpg","articleSection":["News"],"inLanguage":"en-US"},{"@type":"WebPage","@id":"https:\/\/moeb.ca\/en\/news\/death-of-maurice-mcduff\/","url":"https:\/\/moeb.ca\/en\/news\/death-of-maurice-mcduff\/","name":"Death of Maurice McDuff - Mus\u00e9e des ondes Emile Berliner","isPartOf":{"@id":"https:\/\/moeb.ca\/en\/#website"},"primaryImageOfPage":{"@id":"https:\/\/moeb.ca\/en\/news\/death-of-maurice-mcduff\/#primaryimage"},"image":{"@id":"https:\/\/moeb.ca\/en\/news\/death-of-maurice-mcduff\/#primaryimage"},"thumbnailUrl":"https:\/\/moeb.ca\/wp-content\/uploads\/2023\/12\/Maurice-McDuff.jpg","datePublished":"2023-12-15T17:37:42+00:00","dateModified":"2023-12-18T19:02:13+00:00","breadcrumb":{"@id":"https:\/\/moeb.ca\/en\/news\/death-of-maurice-mcduff\/#breadcrumb"},"inLanguage":"en-US","potentialAction":[{"@type":"ReadAction","target":["https:\/\/moeb.ca\/en\/news\/death-of-maurice-mcduff\/"]}]},{"@type":"ImageObject","inLanguage":"en-US","@id":"https:\/\/moeb.ca\/en\/news\/death-of-maurice-mcduff\/#primaryimage","url":"https:\/\/moeb.ca\/wp-content\/uploads\/2023\/12\/Maurice-McDuff.jpg","contentUrl":"https:\/\/moeb.ca\/wp-content\/uploads\/2023\/12\/Maurice-McDuff.jpg","width":800,"height":600,"caption":"Photo de Maurice McDuff"},{"@type":"BreadcrumbList","@id":"https:\/\/moeb.ca\/en\/news\/death-of-maurice-mcduff\/#breadcrumb","itemListElement":[{"@type":"ListItem","position":1,"name":"Home","item":"https:\/\/moeb.ca\/en\/"},{"@type":"ListItem","position":2,"name":"Death of Maurice McDuff"}]},{"@type":"WebSite","@id":"https:\/\/moeb.ca\/en\/#website","url":"https:\/\/moeb.ca\/en\/","name":"Mus\u00e9e des ondes Emile Berliner","description":"Diffuser le patrimoine associ\u00e9 \u00e0 l&#039;histoire de l\u2019industrie des ondes sonores","publisher":{"@id":"https:\/\/moeb.ca\/en\/#organization"},"potentialAction":[{"@type":"SearchAction","target":{"@type":"EntryPoint","urlTemplate":"https:\/\/moeb.ca\/en\/?s={search_term_string}"},"query-input":{"@type":"PropertyValueSpecification","valueRequired":true,"valueName":"search_term_string"}}],"inLanguage":"en-US"},{"@type":"Organization","@id":"https:\/\/moeb.ca\/en\/#organization","name":"Mus\u00e9e des Ondes Emile Berliner","url":"https:\/\/moeb.ca\/en\/","logo":{"@type":"ImageObject","inLanguage":"en-US","@id":"https:\/\/moeb.ca\/en\/#\/schema\/logo\/image\/","url":"https:\/\/moeb.ca\/wp-content\/uploads\/2020\/08\/moeb-logo.jpg","contentUrl":"https:\/\/moeb.ca\/wp-content\/uploads\/2020\/08\/moeb-logo.jpg","width":225,"height":120,"caption":"Mus\u00e9e des Ondes Emile Berliner"},"image":{"@id":"https:\/\/moeb.ca\/en\/#\/schema\/logo\/image\/"},"sameAs":["https:\/\/www.facebook.com\/Mus\u00e9e-des-ondes-Emile-Berliner-368583116562909\/"]},{"@type":"Person","@id":"https:\/\/moeb.ca\/en\/#\/schema\/person\/e96fbec64ce9a47ca38fa06666c058fb","name":"adminfrank","image":{"@type":"ImageObject","inLanguage":"en-US","@id":"https:\/\/secure.gravatar.com\/avatar\/c44ec61a824cb77cee3df62110fd9d538b1645b71e7c83299087b0f85ff21f8e?s=96&d=mm&r=g","url":"https:\/\/secure.gravatar.com\/avatar\/c44ec61a824cb77cee3df62110fd9d538b1645b71e7c83299087b0f85ff21f8e?s=96&d=mm&r=g","contentUrl":"https:\/\/secure.gravatar.com\/avatar\/c44ec61a824cb77cee3df62110fd9d538b1645b71e7c83299087b0f85ff21f8e?s=96&d=mm&r=g","caption":"adminfrank"},"sameAs":["https:\/\/moeb.ca"]}]}},"_links":{"self":[{"href":"https:\/\/moeb.ca\/en\/wp-json\/wp\/v2\/posts\/3169","targetHints":{"allow":["GET"]}}],"collection":[{"href":"https:\/\/moeb.ca\/en\/wp-json\/wp\/v2\/posts"}],"about":[{"href":"https:\/\/moeb.ca\/en\/wp-json\/wp\/v2\/types\/post"}],"author":[{"embeddable":true,"href":"https:\/\/moeb.ca\/en\/wp-json\/wp\/v2\/users\/1"}],"replies":[{"embeddable":true,"href":"https:\/\/moeb.ca\/en\/wp-json\/wp\/v2\/comments?post=3169"}],"version-history":[{"count":0,"href":"https:\/\/moeb.ca\/en\/wp-json\/wp\/v2\/posts\/3169\/revisions"}],"wp:featuredmedia":[{"embeddable":true,"href":"https:\/\/moeb.ca\/en\/wp-json\/wp\/v2\/media\/3167"}],"wp:attachment":[{"href":"https:\/\/moeb.ca\/en\/wp-json\/wp\/v2\/media?parent=3169"}],"wp:term":[{"taxonomy":"category","embeddable":true,"href":"https:\/\/moeb.ca\/en\/wp-json\/wp\/v2\/categories?post=3169"},{"taxonomy":"post_tag","embeddable":true,"href":"https:\/\/moeb.ca\/en\/wp-json\/wp\/v2\/tags?post=3169"}],"curies":[{"name":"wp","href":"https:\/\/api.w.org\/{rel}","templated":true}]}}