{"id":3683,"date":"2025-02-19T09:50:52","date_gmt":"2025-02-19T14:50:52","guid":{"rendered":"https:\/\/moeb.ca\/?p=3683"},"modified":"2025-02-19T09:51:09","modified_gmt":"2025-02-19T14:51:09","slug":"exceptional-visit-from-a-member-of-the-berliner-family","status":"publish","type":"post","link":"https:\/\/moeb.ca\/en\/news\/exceptional-visit-from-a-member-of-the-berliner-family\/","title":{"rendered":"Exceptional visit from a member of the Berliner family"},"content":{"rendered":"<p>Sunday October 6, 2024, the Mus\u00e9e des Ondes \u00c9mile Berliner had an exceptional visit: a member of the Berliner family.<\/p>\n<p>Guy Lapierre, volunteer guide, had the privilege of offering a guided tour of the Mus\u00e9e des Ondes to Lauren Berliner, the great-granddaughter of \u00c9mile Berliner. She is the daughter of Jim Berliner himself the son of Robert, himself the son of Edgar, son of \u00c9mile. She was accompanied by her fianc\u00e9; Jason Parini. See attached photos.<\/p>\n<p>Guy showed her photos he had taken during his visit to California in 1998, to his grandfather Robert Berliner. Lauren was delighted to give us news about her family.<\/p>\n<p>Unfortunately, his grandfather Robert, visited in 1998, died in 2021. Below, the notice of his death:<\/p>\n<p><a href=\"https:\/\/www.legacy.com\/us\/obituaries\/latimes\/name\/robert-berliner-obituary?id=31553201\" target=\"_blank\" rel=\"noopener\">https:\/\/www.legacy.com\/us\/obituaries\/latimes\/name\/robert-berliner-obituary?id=31553201<\/a><\/p>\n<p>The couple was in Montreal for only a few days. They also want to go see, at the address 4332 avenue Westmount, where his grandfather&#8217;s childhood home was. They signed the visitor register and made a $100 donation to the Museum.<\/p>\nngg_shortcode_0_placeholder\n","protected":false},"excerpt":{"rendered":"<p>Sunday October 6, 2024, the Mus\u00e9e des Ondes \u00c9mile Berliner had an exceptional visit: a member of the Berliner family. Guy Lapierre, volunteer guide, had the privilege of offering a guided tour of the Mus\u00e9e des Ondes to Lauren Berliner, the great-granddaughter of \u00c9mile Berliner. She is the daughter of Jim Berliner himself the son [&hellip;]<\/p>\n","protected":false},"author":1,"featured_media":3685,"comment_status":"closed","ping_status":"closed","sticky":false,"template":"","format":"standard","meta":{"_acf_changed":false,"_genesis_hide_title":false,"_genesis_hide_breadcrumbs":false,"_genesis_hide_singular_image":false,"_genesis_hide_footer_widgets":false,"_genesis_custom_body_class":"","_genesis_custom_post_class":"","_genesis_layout":"","ngg_post_thumbnail":0,"footnotes":""},"categories":[16],"tags":[],"class_list":{"0":"post-3683","1":"post","2":"type-post","3":"status-publish","4":"format-standard","5":"has-post-thumbnail","7":"category-news","8":"entry"},"acf":[],"yoast_head":"<!-- This site is optimized with the Yoast SEO plugin v27.4 - https:\/\/yoast.com\/product\/yoast-seo-wordpress\/ -->\n<title>Exceptional visit from a member of the Berliner family - Mus\u00e9e des ondes Emile Berliner<\/title>\n<meta name=\"robots\" content=\"index, follow, max-snippet:-1, max-image-preview:large, max-video-preview:-1\" \/>\n<link rel=\"canonical\" href=\"https:\/\/moeb.ca\/en\/news\/exceptional-visit-from-a-member-of-the-berliner-family\/\" \/>\n<meta property=\"og:locale\" content=\"en_US\" \/>\n<meta property=\"og:type\" content=\"article\" \/>\n<meta property=\"og:title\" content=\"Exceptional visit from a member of the Berliner family - Mus\u00e9e des ondes Emile Berliner\" \/>\n<meta property=\"og:description\" content=\"Sunday October 6, 2024, the Mus\u00e9e des Ondes \u00c9mile Berliner had an exceptional visit: a member of the Berliner family. Guy Lapierre, volunteer guide, had the privilege of offering a guided tour of the Mus\u00e9e des Ondes to Lauren Berliner, the great-granddaughter of \u00c9mile Berliner. She is the daughter of Jim Berliner himself the son [&hellip;]\" \/>\n<meta property=\"og:url\" content=\"https:\/\/moeb.ca\/en\/news\/exceptional-visit-from-a-member-of-the-berliner-family\/\" \/>\n<meta property=\"og:site_name\" content=\"Mus\u00e9e des ondes Emile Berliner\" \/>\n<meta property=\"article:publisher\" content=\"https:\/\/www.facebook.com\/Mus%c3%a9e-des-ondes-Emile-Berliner-368583116562909\/\" \/>\n<meta property=\"article:published_time\" content=\"2025-02-19T14:50:52+00:00\" \/>\n<meta property=\"article:modified_time\" content=\"2025-02-19T14:51:09+00:00\" \/>\n<meta property=\"og:image\" content=\"https:\/\/moeb.ca\/wp-content\/uploads\/2025\/02\/Lauren_Berliner_Guy_Lapierre.jpg\" \/>\n\t<meta property=\"og:image:width\" content=\"1025\" \/>\n\t<meta property=\"og:image:height\" content=\"1200\" \/>\n\t<meta property=\"og:image:type\" content=\"image\/jpeg\" \/>\n<meta name=\"author\" content=\"adminfrank\" \/>\n<meta name=\"twitter:card\" content=\"summary_large_image\" \/>\n<meta name=\"twitter:label1\" content=\"Written by\" \/>\n\t<meta name=\"twitter:data1\" content=\"adminfrank\" \/>\n\t<meta name=\"twitter:label2\" content=\"Est. reading time\" \/>\n\t<meta name=\"twitter:data2\" content=\"1 minute\" \/>\n<script type=\"application\/ld+json\" class=\"yoast-schema-graph\">{\"@context\":\"https:\\\/\\\/schema.org\",\"@graph\":[{\"@type\":\"Article\",\"@id\":\"https:\\\/\\\/moeb.ca\\\/en\\\/news\\\/exceptional-visit-from-a-member-of-the-berliner-family\\\/#article\",\"isPartOf\":{\"@id\":\"https:\\\/\\\/moeb.ca\\\/en\\\/news\\\/exceptional-visit-from-a-member-of-the-berliner-family\\\/\"},\"author\":{\"name\":\"adminfrank\",\"@id\":\"https:\\\/\\\/moeb.ca\\\/en\\\/#\\\/schema\\\/person\\\/e96fbec64ce9a47ca38fa06666c058fb\"},\"headline\":\"Exceptional visit from a member of the Berliner family\",\"datePublished\":\"2025-02-19T14:50:52+00:00\",\"dateModified\":\"2025-02-19T14:51:09+00:00\",\"mainEntityOfPage\":{\"@id\":\"https:\\\/\\\/moeb.ca\\\/en\\\/news\\\/exceptional-visit-from-a-member-of-the-berliner-family\\\/\"},\"wordCount\":200,\"publisher\":{\"@id\":\"https:\\\/\\\/moeb.ca\\\/en\\\/#organization\"},\"image\":{\"@id\":\"https:\\\/\\\/moeb.ca\\\/en\\\/news\\\/exceptional-visit-from-a-member-of-the-berliner-family\\\/#primaryimage\"},\"thumbnailUrl\":\"https:\\\/\\\/moeb.ca\\\/wp-content\\\/uploads\\\/2025\\\/02\\\/Lauren_Berliner_Guy_Lapierre.jpg\",\"articleSection\":[\"News\"],\"inLanguage\":\"en-US\"},{\"@type\":\"WebPage\",\"@id\":\"https:\\\/\\\/moeb.ca\\\/en\\\/news\\\/exceptional-visit-from-a-member-of-the-berliner-family\\\/\",\"url\":\"https:\\\/\\\/moeb.ca\\\/en\\\/news\\\/exceptional-visit-from-a-member-of-the-berliner-family\\\/\",\"name\":\"Exceptional visit from a member of the Berliner family - Mus\u00e9e des ondes Emile Berliner\",\"isPartOf\":{\"@id\":\"https:\\\/\\\/moeb.ca\\\/en\\\/#website\"},\"primaryImageOfPage\":{\"@id\":\"https:\\\/\\\/moeb.ca\\\/en\\\/news\\\/exceptional-visit-from-a-member-of-the-berliner-family\\\/#primaryimage\"},\"image\":{\"@id\":\"https:\\\/\\\/moeb.ca\\\/en\\\/news\\\/exceptional-visit-from-a-member-of-the-berliner-family\\\/#primaryimage\"},\"thumbnailUrl\":\"https:\\\/\\\/moeb.ca\\\/wp-content\\\/uploads\\\/2025\\\/02\\\/Lauren_Berliner_Guy_Lapierre.jpg\",\"datePublished\":\"2025-02-19T14:50:52+00:00\",\"dateModified\":\"2025-02-19T14:51:09+00:00\",\"breadcrumb\":{\"@id\":\"https:\\\/\\\/moeb.ca\\\/en\\\/news\\\/exceptional-visit-from-a-member-of-the-berliner-family\\\/#breadcrumb\"},\"inLanguage\":\"en-US\",\"potentialAction\":[{\"@type\":\"ReadAction\",\"target\":[\"https:\\\/\\\/moeb.ca\\\/en\\\/news\\\/exceptional-visit-from-a-member-of-the-berliner-family\\\/\"]}]},{\"@type\":\"ImageObject\",\"inLanguage\":\"en-US\",\"@id\":\"https:\\\/\\\/moeb.ca\\\/en\\\/news\\\/exceptional-visit-from-a-member-of-the-berliner-family\\\/#primaryimage\",\"url\":\"https:\\\/\\\/moeb.ca\\\/wp-content\\\/uploads\\\/2025\\\/02\\\/Lauren_Berliner_Guy_Lapierre.jpg\",\"contentUrl\":\"https:\\\/\\\/moeb.ca\\\/wp-content\\\/uploads\\\/2025\\\/02\\\/Lauren_Berliner_Guy_Lapierre.jpg\",\"width\":1025,\"height\":1200,\"caption\":\"Lauren Berliner and Guy Lapierre at the Mus\u00e9e des Ondes Emile Berliner (MOEB) on October 6, 2024\"},{\"@type\":\"BreadcrumbList\",\"@id\":\"https:\\\/\\\/moeb.ca\\\/en\\\/news\\\/exceptional-visit-from-a-member-of-the-berliner-family\\\/#breadcrumb\",\"itemListElement\":[{\"@type\":\"ListItem\",\"position\":1,\"name\":\"Home\",\"item\":\"https:\\\/\\\/moeb.ca\\\/en\\\/\"},{\"@type\":\"ListItem\",\"position\":2,\"name\":\"Exceptional visit from a member of the Berliner family\"}]},{\"@type\":\"WebSite\",\"@id\":\"https:\\\/\\\/moeb.ca\\\/en\\\/#website\",\"url\":\"https:\\\/\\\/moeb.ca\\\/en\\\/\",\"name\":\"Mus\u00e9e des ondes Emile Berliner\",\"description\":\"Diffuser le patrimoine associ\u00e9 \u00e0 l&#039;histoire de l\u2019industrie des ondes sonores\",\"publisher\":{\"@id\":\"https:\\\/\\\/moeb.ca\\\/en\\\/#organization\"},\"potentialAction\":[{\"@type\":\"SearchAction\",\"target\":{\"@type\":\"EntryPoint\",\"urlTemplate\":\"https:\\\/\\\/moeb.ca\\\/en\\\/?s={search_term_string}\"},\"query-input\":{\"@type\":\"PropertyValueSpecification\",\"valueRequired\":true,\"valueName\":\"search_term_string\"}}],\"inLanguage\":\"en-US\"},{\"@type\":\"Organization\",\"@id\":\"https:\\\/\\\/moeb.ca\\\/en\\\/#organization\",\"name\":\"Mus\u00e9e des Ondes Emile Berliner\",\"url\":\"https:\\\/\\\/moeb.ca\\\/en\\\/\",\"logo\":{\"@type\":\"ImageObject\",\"inLanguage\":\"en-US\",\"@id\":\"https:\\\/\\\/moeb.ca\\\/en\\\/#\\\/schema\\\/logo\\\/image\\\/\",\"url\":\"https:\\\/\\\/moeb.ca\\\/wp-content\\\/uploads\\\/2020\\\/08\\\/moeb-logo.jpg\",\"contentUrl\":\"https:\\\/\\\/moeb.ca\\\/wp-content\\\/uploads\\\/2020\\\/08\\\/moeb-logo.jpg\",\"width\":225,\"height\":120,\"caption\":\"Mus\u00e9e des Ondes Emile Berliner\"},\"image\":{\"@id\":\"https:\\\/\\\/moeb.ca\\\/en\\\/#\\\/schema\\\/logo\\\/image\\\/\"},\"sameAs\":[\"https:\\\/\\\/www.facebook.com\\\/Mus\u00e9e-des-ondes-Emile-Berliner-368583116562909\\\/\"]},{\"@type\":\"Person\",\"@id\":\"https:\\\/\\\/moeb.ca\\\/en\\\/#\\\/schema\\\/person\\\/e96fbec64ce9a47ca38fa06666c058fb\",\"name\":\"adminfrank\",\"image\":{\"@type\":\"ImageObject\",\"inLanguage\":\"en-US\",\"@id\":\"https:\\\/\\\/secure.gravatar.com\\\/avatar\\\/c44ec61a824cb77cee3df62110fd9d538b1645b71e7c83299087b0f85ff21f8e?s=96&d=mm&r=g\",\"url\":\"https:\\\/\\\/secure.gravatar.com\\\/avatar\\\/c44ec61a824cb77cee3df62110fd9d538b1645b71e7c83299087b0f85ff21f8e?s=96&d=mm&r=g\",\"contentUrl\":\"https:\\\/\\\/secure.gravatar.com\\\/avatar\\\/c44ec61a824cb77cee3df62110fd9d538b1645b71e7c83299087b0f85ff21f8e?s=96&d=mm&r=g\",\"caption\":\"adminfrank\"},\"sameAs\":[\"https:\\\/\\\/moeb.ca\"]}]}<\/script>\n<!-- \/ Yoast SEO plugin. -->","yoast_head_json":{"title":"Exceptional visit from a member of the Berliner family - Mus\u00e9e des ondes Emile Berliner","robots":{"index":"index","follow":"follow","max-snippet":"max-snippet:-1","max-image-preview":"max-image-preview:large","max-video-preview":"max-video-preview:-1"},"canonical":"https:\/\/moeb.ca\/en\/news\/exceptional-visit-from-a-member-of-the-berliner-family\/","og_locale":"en_US","og_type":"article","og_title":"Exceptional visit from a member of the Berliner family - Mus\u00e9e des ondes Emile Berliner","og_description":"Sunday October 6, 2024, the Mus\u00e9e des Ondes \u00c9mile Berliner had an exceptional visit: a member of the Berliner family. Guy Lapierre, volunteer guide, had the privilege of offering a guided tour of the Mus\u00e9e des Ondes to Lauren Berliner, the great-granddaughter of \u00c9mile Berliner. She is the daughter of Jim Berliner himself the son [&hellip;]","og_url":"https:\/\/moeb.ca\/en\/news\/exceptional-visit-from-a-member-of-the-berliner-family\/","og_site_name":"Mus\u00e9e des ondes Emile Berliner","article_publisher":"https:\/\/www.facebook.com\/Mus%c3%a9e-des-ondes-Emile-Berliner-368583116562909\/","article_published_time":"2025-02-19T14:50:52+00:00","article_modified_time":"2025-02-19T14:51:09+00:00","og_image":[{"width":1025,"height":1200,"url":"https:\/\/moeb.ca\/wp-content\/uploads\/2025\/02\/Lauren_Berliner_Guy_Lapierre.jpg","type":"image\/jpeg"}],"author":"adminfrank","twitter_card":"summary_large_image","twitter_misc":{"Written by":"adminfrank","Est. reading time":"1 minute"},"schema":{"@context":"https:\/\/schema.org","@graph":[{"@type":"Article","@id":"https:\/\/moeb.ca\/en\/news\/exceptional-visit-from-a-member-of-the-berliner-family\/#article","isPartOf":{"@id":"https:\/\/moeb.ca\/en\/news\/exceptional-visit-from-a-member-of-the-berliner-family\/"},"author":{"name":"adminfrank","@id":"https:\/\/moeb.ca\/en\/#\/schema\/person\/e96fbec64ce9a47ca38fa06666c058fb"},"headline":"Exceptional visit from a member of the Berliner family","datePublished":"2025-02-19T14:50:52+00:00","dateModified":"2025-02-19T14:51:09+00:00","mainEntityOfPage":{"@id":"https:\/\/moeb.ca\/en\/news\/exceptional-visit-from-a-member-of-the-berliner-family\/"},"wordCount":200,"publisher":{"@id":"https:\/\/moeb.ca\/en\/#organization"},"image":{"@id":"https:\/\/moeb.ca\/en\/news\/exceptional-visit-from-a-member-of-the-berliner-family\/#primaryimage"},"thumbnailUrl":"https:\/\/moeb.ca\/wp-content\/uploads\/2025\/02\/Lauren_Berliner_Guy_Lapierre.jpg","articleSection":["News"],"inLanguage":"en-US"},{"@type":"WebPage","@id":"https:\/\/moeb.ca\/en\/news\/exceptional-visit-from-a-member-of-the-berliner-family\/","url":"https:\/\/moeb.ca\/en\/news\/exceptional-visit-from-a-member-of-the-berliner-family\/","name":"Exceptional visit from a member of the Berliner family - Mus\u00e9e des ondes Emile Berliner","isPartOf":{"@id":"https:\/\/moeb.ca\/en\/#website"},"primaryImageOfPage":{"@id":"https:\/\/moeb.ca\/en\/news\/exceptional-visit-from-a-member-of-the-berliner-family\/#primaryimage"},"image":{"@id":"https:\/\/moeb.ca\/en\/news\/exceptional-visit-from-a-member-of-the-berliner-family\/#primaryimage"},"thumbnailUrl":"https:\/\/moeb.ca\/wp-content\/uploads\/2025\/02\/Lauren_Berliner_Guy_Lapierre.jpg","datePublished":"2025-02-19T14:50:52+00:00","dateModified":"2025-02-19T14:51:09+00:00","breadcrumb":{"@id":"https:\/\/moeb.ca\/en\/news\/exceptional-visit-from-a-member-of-the-berliner-family\/#breadcrumb"},"inLanguage":"en-US","potentialAction":[{"@type":"ReadAction","target":["https:\/\/moeb.ca\/en\/news\/exceptional-visit-from-a-member-of-the-berliner-family\/"]}]},{"@type":"ImageObject","inLanguage":"en-US","@id":"https:\/\/moeb.ca\/en\/news\/exceptional-visit-from-a-member-of-the-berliner-family\/#primaryimage","url":"https:\/\/moeb.ca\/wp-content\/uploads\/2025\/02\/Lauren_Berliner_Guy_Lapierre.jpg","contentUrl":"https:\/\/moeb.ca\/wp-content\/uploads\/2025\/02\/Lauren_Berliner_Guy_Lapierre.jpg","width":1025,"height":1200,"caption":"Lauren Berliner and Guy Lapierre at the Mus\u00e9e des Ondes Emile Berliner (MOEB) on October 6, 2024"},{"@type":"BreadcrumbList","@id":"https:\/\/moeb.ca\/en\/news\/exceptional-visit-from-a-member-of-the-berliner-family\/#breadcrumb","itemListElement":[{"@type":"ListItem","position":1,"name":"Home","item":"https:\/\/moeb.ca\/en\/"},{"@type":"ListItem","position":2,"name":"Exceptional visit from a member of the Berliner family"}]},{"@type":"WebSite","@id":"https:\/\/moeb.ca\/en\/#website","url":"https:\/\/moeb.ca\/en\/","name":"Mus\u00e9e des ondes Emile Berliner","description":"Diffuser le patrimoine associ\u00e9 \u00e0 l&#039;histoire de l\u2019industrie des ondes sonores","publisher":{"@id":"https:\/\/moeb.ca\/en\/#organization"},"potentialAction":[{"@type":"SearchAction","target":{"@type":"EntryPoint","urlTemplate":"https:\/\/moeb.ca\/en\/?s={search_term_string}"},"query-input":{"@type":"PropertyValueSpecification","valueRequired":true,"valueName":"search_term_string"}}],"inLanguage":"en-US"},{"@type":"Organization","@id":"https:\/\/moeb.ca\/en\/#organization","name":"Mus\u00e9e des Ondes Emile Berliner","url":"https:\/\/moeb.ca\/en\/","logo":{"@type":"ImageObject","inLanguage":"en-US","@id":"https:\/\/moeb.ca\/en\/#\/schema\/logo\/image\/","url":"https:\/\/moeb.ca\/wp-content\/uploads\/2020\/08\/moeb-logo.jpg","contentUrl":"https:\/\/moeb.ca\/wp-content\/uploads\/2020\/08\/moeb-logo.jpg","width":225,"height":120,"caption":"Mus\u00e9e des Ondes Emile Berliner"},"image":{"@id":"https:\/\/moeb.ca\/en\/#\/schema\/logo\/image\/"},"sameAs":["https:\/\/www.facebook.com\/Mus\u00e9e-des-ondes-Emile-Berliner-368583116562909\/"]},{"@type":"Person","@id":"https:\/\/moeb.ca\/en\/#\/schema\/person\/e96fbec64ce9a47ca38fa06666c058fb","name":"adminfrank","image":{"@type":"ImageObject","inLanguage":"en-US","@id":"https:\/\/secure.gravatar.com\/avatar\/c44ec61a824cb77cee3df62110fd9d538b1645b71e7c83299087b0f85ff21f8e?s=96&d=mm&r=g","url":"https:\/\/secure.gravatar.com\/avatar\/c44ec61a824cb77cee3df62110fd9d538b1645b71e7c83299087b0f85ff21f8e?s=96&d=mm&r=g","contentUrl":"https:\/\/secure.gravatar.com\/avatar\/c44ec61a824cb77cee3df62110fd9d538b1645b71e7c83299087b0f85ff21f8e?s=96&d=mm&r=g","caption":"adminfrank"},"sameAs":["https:\/\/moeb.ca"]}]}},"_links":{"self":[{"href":"https:\/\/moeb.ca\/en\/wp-json\/wp\/v2\/posts\/3683","targetHints":{"allow":["GET"]}}],"collection":[{"href":"https:\/\/moeb.ca\/en\/wp-json\/wp\/v2\/posts"}],"about":[{"href":"https:\/\/moeb.ca\/en\/wp-json\/wp\/v2\/types\/post"}],"author":[{"embeddable":true,"href":"https:\/\/moeb.ca\/en\/wp-json\/wp\/v2\/users\/1"}],"replies":[{"embeddable":true,"href":"https:\/\/moeb.ca\/en\/wp-json\/wp\/v2\/comments?post=3683"}],"version-history":[{"count":0,"href":"https:\/\/moeb.ca\/en\/wp-json\/wp\/v2\/posts\/3683\/revisions"}],"wp:featuredmedia":[{"embeddable":true,"href":"https:\/\/moeb.ca\/en\/wp-json\/wp\/v2\/media\/3685"}],"wp:attachment":[{"href":"https:\/\/moeb.ca\/en\/wp-json\/wp\/v2\/media?parent=3683"}],"wp:term":[{"taxonomy":"category","embeddable":true,"href":"https:\/\/moeb.ca\/en\/wp-json\/wp\/v2\/categories?post=3683"},{"taxonomy":"post_tag","embeddable":true,"href":"https:\/\/moeb.ca\/en\/wp-json\/wp\/v2\/tags?post=3683"}],"curies":[{"name":"wp","href":"https:\/\/api.w.org\/{rel}","templated":true}]}}