{"id":3707,"date":"2025-02-20T08:22:24","date_gmt":"2025-02-20T13:22:24","guid":{"rendered":"https:\/\/moeb.ca\/uncategorized\/a-unique-museum-in-need-of-support\/"},"modified":"2025-02-20T09:13:55","modified_gmt":"2025-02-20T14:13:55","slug":"a-unique-museum-in-need-of-support","status":"publish","type":"post","link":"https:\/\/moeb.ca\/en\/news\/a-unique-museum-in-need-of-support\/","title":{"rendered":"A Unique Museum in Need of Support!"},"content":{"rendered":"<p><img decoding=\"async\" class=\"wp-image-3701 alignleft\" style=\"padding: 0 15px 15px 0;\" src=\"https:\/\/moeb.ca\/wp-content\/uploads\/2025\/02\/entrevue_ctv_18022025.jpg\" alt=\"Photo from the CTV interview\" width=\"480\" height=\"270\" srcset=\"https:\/\/moeb.ca\/wp-content\/uploads\/2025\/02\/entrevue_ctv_18022025.jpg 1920w, https:\/\/moeb.ca\/wp-content\/uploads\/2025\/02\/entrevue_ctv_18022025-300x169.jpg 300w, https:\/\/moeb.ca\/wp-content\/uploads\/2025\/02\/entrevue_ctv_18022025-1024x576.jpg 1024w, https:\/\/moeb.ca\/wp-content\/uploads\/2025\/02\/entrevue_ctv_18022025-768x432.jpg 768w, https:\/\/moeb.ca\/wp-content\/uploads\/2025\/02\/entrevue_ctv_18022025-1536x864.jpg 1536w\" sizes=\"(max-width: 480px) 100vw, 480px\" \/>Our president, Pierre Valiquette, and our interim executive director, Christian Don, were recently interviewed by CTV News to shed light on a hidden gem: the Mus\u00e9e des ondes Emile Berliner. This museum tells the incredible story of broadcasting and sound recording in Montreal\u2014from Emile Berliner\u2019s invention of the gramophone to RCA Victor\u2019s lasting legacy.<\/p>\n<p>But to continue preserving this vital history and sharing our passion with the public, we need your help! Financial contributions and volunteer support are crucial to ensuring the museum\u2019s future.<\/p>\n<p>\ud83d\udccd\u00a0Visit us, explore the history of sound, and help keep this unique heritage alive!<br \/>\n\ud83d\udd17 Watch the interview here: <a href=\"https:\/\/www.ctvnews.ca\/montreal\/article\/montreal-museum-celebrating-creation-of-records-needs-funding\/\" target=\"_blank\" rel=\"noopener\">Montreal museum celebrating creation of records needs funding<\/a><\/p>\n","protected":false},"excerpt":{"rendered":"<p>Our president, Pierre Valiquette, and our interim executive director, Christian Don, were recently interviewed by CTV News to shed light on a hidden gem: the Mus\u00e9e des ondes Emile Berliner. This museum tells the incredible story of broadcasting and sound recording in Montreal\u2014from Emile Berliner\u2019s invention of the gramophone to RCA Victor\u2019s lasting legacy. But [&hellip;]<\/p>\n","protected":false},"author":1,"featured_media":3702,"comment_status":"closed","ping_status":"closed","sticky":false,"template":"","format":"standard","meta":{"_acf_changed":false,"_genesis_hide_title":false,"_genesis_hide_breadcrumbs":false,"_genesis_hide_singular_image":false,"_genesis_hide_footer_widgets":false,"_genesis_custom_body_class":"","_genesis_custom_post_class":"","_genesis_layout":"","ngg_post_thumbnail":0,"footnotes":""},"categories":[16],"tags":[],"class_list":{"0":"post-3707","1":"post","2":"type-post","3":"status-publish","4":"format-standard","5":"has-post-thumbnail","7":"category-news","8":"entry"},"acf":[],"yoast_head":"<!-- This site is optimized with the Yoast SEO plugin v27.4 - https:\/\/yoast.com\/product\/yoast-seo-wordpress\/ -->\n<title>A Unique Museum in Need of Support! - Mus\u00e9e des ondes Emile Berliner<\/title>\n<meta name=\"robots\" content=\"index, follow, max-snippet:-1, max-image-preview:large, max-video-preview:-1\" \/>\n<link rel=\"canonical\" href=\"https:\/\/moeb.ca\/en\/news\/a-unique-museum-in-need-of-support\/\" \/>\n<meta property=\"og:locale\" content=\"en_US\" \/>\n<meta property=\"og:type\" content=\"article\" \/>\n<meta property=\"og:title\" content=\"A Unique Museum in Need of Support! - Mus\u00e9e des ondes Emile Berliner\" \/>\n<meta property=\"og:description\" content=\"Our president, Pierre Valiquette, and our interim executive director, Christian Don, were recently interviewed by CTV News to shed light on a hidden gem: the Mus\u00e9e des ondes Emile Berliner. This museum tells the incredible story of broadcasting and sound recording in Montreal\u2014from Emile Berliner\u2019s invention of the gramophone to RCA Victor\u2019s lasting legacy. But [&hellip;]\" \/>\n<meta property=\"og:url\" content=\"https:\/\/moeb.ca\/en\/news\/a-unique-museum-in-need-of-support\/\" \/>\n<meta property=\"og:site_name\" content=\"Mus\u00e9e des ondes Emile Berliner\" \/>\n<meta property=\"article:publisher\" content=\"https:\/\/www.facebook.com\/Mus%c3%a9e-des-ondes-Emile-Berliner-368583116562909\/\" \/>\n<meta property=\"article:published_time\" content=\"2025-02-20T13:22:24+00:00\" \/>\n<meta property=\"article:modified_time\" content=\"2025-02-20T14:13:55+00:00\" \/>\n<meta property=\"og:image\" content=\"https:\/\/moeb.ca\/wp-content\/uploads\/2025\/02\/entrevue_ctv_18022025.jpg\" \/>\n\t<meta property=\"og:image:width\" content=\"1920\" \/>\n\t<meta property=\"og:image:height\" content=\"1080\" \/>\n\t<meta property=\"og:image:type\" content=\"image\/jpeg\" \/>\n<meta name=\"author\" content=\"adminfrank\" \/>\n<meta name=\"twitter:card\" content=\"summary_large_image\" \/>\n<meta name=\"twitter:label1\" content=\"Written by\" \/>\n\t<meta name=\"twitter:data1\" content=\"adminfrank\" \/>\n\t<meta name=\"twitter:label2\" content=\"Est. reading time\" \/>\n\t<meta name=\"twitter:data2\" content=\"1 minute\" \/>\n<script type=\"application\/ld+json\" class=\"yoast-schema-graph\">{\"@context\":\"https:\\\/\\\/schema.org\",\"@graph\":[{\"@type\":\"Article\",\"@id\":\"https:\\\/\\\/moeb.ca\\\/en\\\/news\\\/a-unique-museum-in-need-of-support\\\/#article\",\"isPartOf\":{\"@id\":\"https:\\\/\\\/moeb.ca\\\/en\\\/news\\\/a-unique-museum-in-need-of-support\\\/\"},\"author\":{\"name\":\"adminfrank\",\"@id\":\"https:\\\/\\\/moeb.ca\\\/en\\\/#\\\/schema\\\/person\\\/e96fbec64ce9a47ca38fa06666c058fb\"},\"headline\":\"A Unique Museum in Need of Support!\",\"datePublished\":\"2025-02-20T13:22:24+00:00\",\"dateModified\":\"2025-02-20T14:13:55+00:00\",\"mainEntityOfPage\":{\"@id\":\"https:\\\/\\\/moeb.ca\\\/en\\\/news\\\/a-unique-museum-in-need-of-support\\\/\"},\"wordCount\":122,\"publisher\":{\"@id\":\"https:\\\/\\\/moeb.ca\\\/en\\\/#organization\"},\"image\":{\"@id\":\"https:\\\/\\\/moeb.ca\\\/en\\\/news\\\/a-unique-museum-in-need-of-support\\\/#primaryimage\"},\"thumbnailUrl\":\"https:\\\/\\\/moeb.ca\\\/wp-content\\\/uploads\\\/2025\\\/02\\\/entrevue_ctv_18022025.jpg\",\"articleSection\":[\"News\"],\"inLanguage\":\"en-US\"},{\"@type\":\"WebPage\",\"@id\":\"https:\\\/\\\/moeb.ca\\\/en\\\/news\\\/a-unique-museum-in-need-of-support\\\/\",\"url\":\"https:\\\/\\\/moeb.ca\\\/en\\\/news\\\/a-unique-museum-in-need-of-support\\\/\",\"name\":\"A Unique Museum in Need of Support! - Mus\u00e9e des ondes Emile Berliner\",\"isPartOf\":{\"@id\":\"https:\\\/\\\/moeb.ca\\\/en\\\/#website\"},\"primaryImageOfPage\":{\"@id\":\"https:\\\/\\\/moeb.ca\\\/en\\\/news\\\/a-unique-museum-in-need-of-support\\\/#primaryimage\"},\"image\":{\"@id\":\"https:\\\/\\\/moeb.ca\\\/en\\\/news\\\/a-unique-museum-in-need-of-support\\\/#primaryimage\"},\"thumbnailUrl\":\"https:\\\/\\\/moeb.ca\\\/wp-content\\\/uploads\\\/2025\\\/02\\\/entrevue_ctv_18022025.jpg\",\"datePublished\":\"2025-02-20T13:22:24+00:00\",\"dateModified\":\"2025-02-20T14:13:55+00:00\",\"breadcrumb\":{\"@id\":\"https:\\\/\\\/moeb.ca\\\/en\\\/news\\\/a-unique-museum-in-need-of-support\\\/#breadcrumb\"},\"inLanguage\":\"en-US\",\"potentialAction\":[{\"@type\":\"ReadAction\",\"target\":[\"https:\\\/\\\/moeb.ca\\\/en\\\/news\\\/a-unique-museum-in-need-of-support\\\/\"]}]},{\"@type\":\"ImageObject\",\"inLanguage\":\"en-US\",\"@id\":\"https:\\\/\\\/moeb.ca\\\/en\\\/news\\\/a-unique-museum-in-need-of-support\\\/#primaryimage\",\"url\":\"https:\\\/\\\/moeb.ca\\\/wp-content\\\/uploads\\\/2025\\\/02\\\/entrevue_ctv_18022025.jpg\",\"contentUrl\":\"https:\\\/\\\/moeb.ca\\\/wp-content\\\/uploads\\\/2025\\\/02\\\/entrevue_ctv_18022025.jpg\",\"width\":1920,\"height\":1080,\"caption\":\"Photo from the CTV interview\"},{\"@type\":\"BreadcrumbList\",\"@id\":\"https:\\\/\\\/moeb.ca\\\/en\\\/news\\\/a-unique-museum-in-need-of-support\\\/#breadcrumb\",\"itemListElement\":[{\"@type\":\"ListItem\",\"position\":1,\"name\":\"Home\",\"item\":\"https:\\\/\\\/moeb.ca\\\/en\\\/\"},{\"@type\":\"ListItem\",\"position\":2,\"name\":\"A Unique Museum in Need of Support!\"}]},{\"@type\":\"WebSite\",\"@id\":\"https:\\\/\\\/moeb.ca\\\/en\\\/#website\",\"url\":\"https:\\\/\\\/moeb.ca\\\/en\\\/\",\"name\":\"Mus\u00e9e des ondes Emile Berliner\",\"description\":\"Diffuser le patrimoine associ\u00e9 \u00e0 l&#039;histoire de l\u2019industrie des ondes sonores\",\"publisher\":{\"@id\":\"https:\\\/\\\/moeb.ca\\\/en\\\/#organization\"},\"potentialAction\":[{\"@type\":\"SearchAction\",\"target\":{\"@type\":\"EntryPoint\",\"urlTemplate\":\"https:\\\/\\\/moeb.ca\\\/en\\\/?s={search_term_string}\"},\"query-input\":{\"@type\":\"PropertyValueSpecification\",\"valueRequired\":true,\"valueName\":\"search_term_string\"}}],\"inLanguage\":\"en-US\"},{\"@type\":\"Organization\",\"@id\":\"https:\\\/\\\/moeb.ca\\\/en\\\/#organization\",\"name\":\"Mus\u00e9e des Ondes Emile Berliner\",\"url\":\"https:\\\/\\\/moeb.ca\\\/en\\\/\",\"logo\":{\"@type\":\"ImageObject\",\"inLanguage\":\"en-US\",\"@id\":\"https:\\\/\\\/moeb.ca\\\/en\\\/#\\\/schema\\\/logo\\\/image\\\/\",\"url\":\"https:\\\/\\\/moeb.ca\\\/wp-content\\\/uploads\\\/2020\\\/08\\\/moeb-logo.jpg\",\"contentUrl\":\"https:\\\/\\\/moeb.ca\\\/wp-content\\\/uploads\\\/2020\\\/08\\\/moeb-logo.jpg\",\"width\":225,\"height\":120,\"caption\":\"Mus\u00e9e des Ondes Emile Berliner\"},\"image\":{\"@id\":\"https:\\\/\\\/moeb.ca\\\/en\\\/#\\\/schema\\\/logo\\\/image\\\/\"},\"sameAs\":[\"https:\\\/\\\/www.facebook.com\\\/Mus\u00e9e-des-ondes-Emile-Berliner-368583116562909\\\/\"]},{\"@type\":\"Person\",\"@id\":\"https:\\\/\\\/moeb.ca\\\/en\\\/#\\\/schema\\\/person\\\/e96fbec64ce9a47ca38fa06666c058fb\",\"name\":\"adminfrank\",\"image\":{\"@type\":\"ImageObject\",\"inLanguage\":\"en-US\",\"@id\":\"https:\\\/\\\/secure.gravatar.com\\\/avatar\\\/c44ec61a824cb77cee3df62110fd9d538b1645b71e7c83299087b0f85ff21f8e?s=96&d=mm&r=g\",\"url\":\"https:\\\/\\\/secure.gravatar.com\\\/avatar\\\/c44ec61a824cb77cee3df62110fd9d538b1645b71e7c83299087b0f85ff21f8e?s=96&d=mm&r=g\",\"contentUrl\":\"https:\\\/\\\/secure.gravatar.com\\\/avatar\\\/c44ec61a824cb77cee3df62110fd9d538b1645b71e7c83299087b0f85ff21f8e?s=96&d=mm&r=g\",\"caption\":\"adminfrank\"},\"sameAs\":[\"https:\\\/\\\/moeb.ca\"]}]}<\/script>\n<!-- \/ Yoast SEO plugin. -->","yoast_head_json":{"title":"A Unique Museum in Need of Support! - Mus\u00e9e des ondes Emile Berliner","robots":{"index":"index","follow":"follow","max-snippet":"max-snippet:-1","max-image-preview":"max-image-preview:large","max-video-preview":"max-video-preview:-1"},"canonical":"https:\/\/moeb.ca\/en\/news\/a-unique-museum-in-need-of-support\/","og_locale":"en_US","og_type":"article","og_title":"A Unique Museum in Need of Support! - Mus\u00e9e des ondes Emile Berliner","og_description":"Our president, Pierre Valiquette, and our interim executive director, Christian Don, were recently interviewed by CTV News to shed light on a hidden gem: the Mus\u00e9e des ondes Emile Berliner. This museum tells the incredible story of broadcasting and sound recording in Montreal\u2014from Emile Berliner\u2019s invention of the gramophone to RCA Victor\u2019s lasting legacy. But [&hellip;]","og_url":"https:\/\/moeb.ca\/en\/news\/a-unique-museum-in-need-of-support\/","og_site_name":"Mus\u00e9e des ondes Emile Berliner","article_publisher":"https:\/\/www.facebook.com\/Mus%c3%a9e-des-ondes-Emile-Berliner-368583116562909\/","article_published_time":"2025-02-20T13:22:24+00:00","article_modified_time":"2025-02-20T14:13:55+00:00","og_image":[{"width":1920,"height":1080,"url":"https:\/\/moeb.ca\/wp-content\/uploads\/2025\/02\/entrevue_ctv_18022025.jpg","type":"image\/jpeg"}],"author":"adminfrank","twitter_card":"summary_large_image","twitter_misc":{"Written by":"adminfrank","Est. reading time":"1 minute"},"schema":{"@context":"https:\/\/schema.org","@graph":[{"@type":"Article","@id":"https:\/\/moeb.ca\/en\/news\/a-unique-museum-in-need-of-support\/#article","isPartOf":{"@id":"https:\/\/moeb.ca\/en\/news\/a-unique-museum-in-need-of-support\/"},"author":{"name":"adminfrank","@id":"https:\/\/moeb.ca\/en\/#\/schema\/person\/e96fbec64ce9a47ca38fa06666c058fb"},"headline":"A Unique Museum in Need of Support!","datePublished":"2025-02-20T13:22:24+00:00","dateModified":"2025-02-20T14:13:55+00:00","mainEntityOfPage":{"@id":"https:\/\/moeb.ca\/en\/news\/a-unique-museum-in-need-of-support\/"},"wordCount":122,"publisher":{"@id":"https:\/\/moeb.ca\/en\/#organization"},"image":{"@id":"https:\/\/moeb.ca\/en\/news\/a-unique-museum-in-need-of-support\/#primaryimage"},"thumbnailUrl":"https:\/\/moeb.ca\/wp-content\/uploads\/2025\/02\/entrevue_ctv_18022025.jpg","articleSection":["News"],"inLanguage":"en-US"},{"@type":"WebPage","@id":"https:\/\/moeb.ca\/en\/news\/a-unique-museum-in-need-of-support\/","url":"https:\/\/moeb.ca\/en\/news\/a-unique-museum-in-need-of-support\/","name":"A Unique Museum in Need of Support! - Mus\u00e9e des ondes Emile Berliner","isPartOf":{"@id":"https:\/\/moeb.ca\/en\/#website"},"primaryImageOfPage":{"@id":"https:\/\/moeb.ca\/en\/news\/a-unique-museum-in-need-of-support\/#primaryimage"},"image":{"@id":"https:\/\/moeb.ca\/en\/news\/a-unique-museum-in-need-of-support\/#primaryimage"},"thumbnailUrl":"https:\/\/moeb.ca\/wp-content\/uploads\/2025\/02\/entrevue_ctv_18022025.jpg","datePublished":"2025-02-20T13:22:24+00:00","dateModified":"2025-02-20T14:13:55+00:00","breadcrumb":{"@id":"https:\/\/moeb.ca\/en\/news\/a-unique-museum-in-need-of-support\/#breadcrumb"},"inLanguage":"en-US","potentialAction":[{"@type":"ReadAction","target":["https:\/\/moeb.ca\/en\/news\/a-unique-museum-in-need-of-support\/"]}]},{"@type":"ImageObject","inLanguage":"en-US","@id":"https:\/\/moeb.ca\/en\/news\/a-unique-museum-in-need-of-support\/#primaryimage","url":"https:\/\/moeb.ca\/wp-content\/uploads\/2025\/02\/entrevue_ctv_18022025.jpg","contentUrl":"https:\/\/moeb.ca\/wp-content\/uploads\/2025\/02\/entrevue_ctv_18022025.jpg","width":1920,"height":1080,"caption":"Photo from the CTV interview"},{"@type":"BreadcrumbList","@id":"https:\/\/moeb.ca\/en\/news\/a-unique-museum-in-need-of-support\/#breadcrumb","itemListElement":[{"@type":"ListItem","position":1,"name":"Home","item":"https:\/\/moeb.ca\/en\/"},{"@type":"ListItem","position":2,"name":"A Unique Museum in Need of Support!"}]},{"@type":"WebSite","@id":"https:\/\/moeb.ca\/en\/#website","url":"https:\/\/moeb.ca\/en\/","name":"Mus\u00e9e des ondes Emile Berliner","description":"Diffuser le patrimoine associ\u00e9 \u00e0 l&#039;histoire de l\u2019industrie des ondes sonores","publisher":{"@id":"https:\/\/moeb.ca\/en\/#organization"},"potentialAction":[{"@type":"SearchAction","target":{"@type":"EntryPoint","urlTemplate":"https:\/\/moeb.ca\/en\/?s={search_term_string}"},"query-input":{"@type":"PropertyValueSpecification","valueRequired":true,"valueName":"search_term_string"}}],"inLanguage":"en-US"},{"@type":"Organization","@id":"https:\/\/moeb.ca\/en\/#organization","name":"Mus\u00e9e des Ondes Emile Berliner","url":"https:\/\/moeb.ca\/en\/","logo":{"@type":"ImageObject","inLanguage":"en-US","@id":"https:\/\/moeb.ca\/en\/#\/schema\/logo\/image\/","url":"https:\/\/moeb.ca\/wp-content\/uploads\/2020\/08\/moeb-logo.jpg","contentUrl":"https:\/\/moeb.ca\/wp-content\/uploads\/2020\/08\/moeb-logo.jpg","width":225,"height":120,"caption":"Mus\u00e9e des Ondes Emile Berliner"},"image":{"@id":"https:\/\/moeb.ca\/en\/#\/schema\/logo\/image\/"},"sameAs":["https:\/\/www.facebook.com\/Mus\u00e9e-des-ondes-Emile-Berliner-368583116562909\/"]},{"@type":"Person","@id":"https:\/\/moeb.ca\/en\/#\/schema\/person\/e96fbec64ce9a47ca38fa06666c058fb","name":"adminfrank","image":{"@type":"ImageObject","inLanguage":"en-US","@id":"https:\/\/secure.gravatar.com\/avatar\/c44ec61a824cb77cee3df62110fd9d538b1645b71e7c83299087b0f85ff21f8e?s=96&d=mm&r=g","url":"https:\/\/secure.gravatar.com\/avatar\/c44ec61a824cb77cee3df62110fd9d538b1645b71e7c83299087b0f85ff21f8e?s=96&d=mm&r=g","contentUrl":"https:\/\/secure.gravatar.com\/avatar\/c44ec61a824cb77cee3df62110fd9d538b1645b71e7c83299087b0f85ff21f8e?s=96&d=mm&r=g","caption":"adminfrank"},"sameAs":["https:\/\/moeb.ca"]}]}},"_links":{"self":[{"href":"https:\/\/moeb.ca\/en\/wp-json\/wp\/v2\/posts\/3707","targetHints":{"allow":["GET"]}}],"collection":[{"href":"https:\/\/moeb.ca\/en\/wp-json\/wp\/v2\/posts"}],"about":[{"href":"https:\/\/moeb.ca\/en\/wp-json\/wp\/v2\/types\/post"}],"author":[{"embeddable":true,"href":"https:\/\/moeb.ca\/en\/wp-json\/wp\/v2\/users\/1"}],"replies":[{"embeddable":true,"href":"https:\/\/moeb.ca\/en\/wp-json\/wp\/v2\/comments?post=3707"}],"version-history":[{"count":0,"href":"https:\/\/moeb.ca\/en\/wp-json\/wp\/v2\/posts\/3707\/revisions"}],"wp:featuredmedia":[{"embeddable":true,"href":"https:\/\/moeb.ca\/en\/wp-json\/wp\/v2\/media\/3702"}],"wp:attachment":[{"href":"https:\/\/moeb.ca\/en\/wp-json\/wp\/v2\/media?parent=3707"}],"wp:term":[{"taxonomy":"category","embeddable":true,"href":"https:\/\/moeb.ca\/en\/wp-json\/wp\/v2\/categories?post=3707"},{"taxonomy":"post_tag","embeddable":true,"href":"https:\/\/moeb.ca\/en\/wp-json\/wp\/v2\/tags?post=3707"}],"curies":[{"name":"wp","href":"https:\/\/api.w.org\/{rel}","templated":true}]}}