{"id":999,"date":"2021-05-13T11:41:16","date_gmt":"2021-05-13T15:41:16","guid":{"rendered":"https:\/\/moeb.ca\/the-festival-dhistoire-de-montreal-first-edition\/"},"modified":"2023-05-04T15:10:23","modified_gmt":"2023-05-04T19:10:23","slug":"the-festival-dhistoire-de-montreal-first-edition","status":"publish","type":"post","link":"https:\/\/moeb.ca\/en\/news-archive\/the-festival-dhistoire-de-montreal-first-edition\/","title":{"rendered":"The Festival d\u2019Histoire de Montr\u00e9al &#8211; First Edition"},"content":{"rendered":"<p><img decoding=\"async\" class=\"alignnone size-full wp-image-992\" src=\"https:\/\/moeb.ca\/wp-content\/uploads\/2021\/05\/Festival-Histoire-de-Montreal.jpg\" alt=\"Le Festival d\u2019Histoire de Montr\u00e9al - First Edition\" width=\"1100\" height=\"300\" srcset=\"https:\/\/moeb.ca\/wp-content\/uploads\/2021\/05\/Festival-Histoire-de-Montreal.jpg 1100w, https:\/\/moeb.ca\/wp-content\/uploads\/2021\/05\/Festival-Histoire-de-Montreal-300x82.jpg 300w, https:\/\/moeb.ca\/wp-content\/uploads\/2021\/05\/Festival-Histoire-de-Montreal-1024x279.jpg 1024w, https:\/\/moeb.ca\/wp-content\/uploads\/2021\/05\/Festival-Histoire-de-Montreal-768x209.jpg 768w, https:\/\/moeb.ca\/wp-content\/uploads\/2021\/05\/Festival-Histoire-de-Montreal-700x191.jpg 700w\" sizes=\"(max-width: 1100px) 100vw, 1100px\" \/><br \/>\nThe Mus\u00e9e des ondes Emile Berliner is proud to be taking part in the first edition of the Festival d\u2019histoire de Montr\u00e9al, a history festival organised by the Montreal History Museums from May 14 to May 16 2021.<\/p>\n<h3>Listening Session: The Montreal Music Industry of the 1940s and 1950s<\/h3>\n<p>As part of the Festival, the MOEB is presenting a virtual listening session that explores the artists that defined the French Canadian musical identity and the Montreal music industry of the 40s and 50s! The session is presented by <strong>Mariana Mej\u00eda Ahrens<\/strong>, in English with French captioning.<\/p>\n<p>Mariana Mej\u00eda Ahrens has a BA in Audio Production from Webster University in St. Louis, MO, and is a recent graduate of the McGill Masters in Information Studies program. As an audio professional, Mariana has worked for Smithsonian Folkways Recordings, the St. Louis Symphony Orchestra, Royal Caribbean Cruise Line, and the Sounds in the City research group. She became a volunteer at the Mus\u00e9e des ondes Emile Berliner in 2017 as part of the team creating the <a href=\"https:\/\/archive.moeb.ca\/en\/\" target=\"_blank\" rel=\"noopener\">Online Berliner Archive<\/a>. She worked as Project Coordinator for the <a href=\"https:\/\/radio100.moeb.ca\/en\/\" target=\"_blank\" rel=\"noopener\">Centennial of Broadcasting in Canada<\/a>, a year-long program for which the museum received the 2020 Governor General\u2019s History Award for Excellence in Community Programming. Mariana currently leads the research and planning of the museum\u2019s upcoming temporary exhibition.<\/p>\n<p><a href=\"https:\/\/moeb.ca\/wp-content\/uploads\/2021\/05\/Festival-Histoire-de-Montreal-en.pdf.pdf\" target=\"_blank\" rel=\"noopener\">For more information.<\/a><\/p>\n","protected":false},"excerpt":{"rendered":"<p>The Mus\u00e9e des ondes Emile Berliner is proud to be taking part in the first edition of the Festival d\u2019histoire de Montr\u00e9al, a history festival organised by the Montreal History Museums from May 14 to May 16 2021. Listening Session: The Montreal Music Industry of the 1940s and 1950s As part of the Festival, the [&hellip;]<\/p>\n","protected":false},"author":1,"featured_media":0,"comment_status":"closed","ping_status":"closed","sticky":false,"template":"","format":"standard","meta":{"_acf_changed":false,"_genesis_hide_title":false,"_genesis_hide_breadcrumbs":false,"_genesis_hide_singular_image":false,"_genesis_hide_footer_widgets":false,"_genesis_custom_body_class":"","_genesis_custom_post_class":"","_genesis_layout":"","ngg_post_thumbnail":0,"footnotes":""},"categories":[76],"tags":[],"class_list":{"0":"post-999","1":"post","2":"type-post","3":"status-publish","4":"format-standard","6":"category-news-archive","7":"entry"},"acf":[],"yoast_head":"<!-- This site is optimized with the Yoast SEO plugin v27.4 - https:\/\/yoast.com\/product\/yoast-seo-wordpress\/ -->\n<title>The Festival d\u2019Histoire de Montr\u00e9al - First Edition - Mus\u00e9e des ondes Emile Berliner<\/title>\n<meta name=\"robots\" content=\"index, follow, max-snippet:-1, max-image-preview:large, max-video-preview:-1\" \/>\n<link rel=\"canonical\" href=\"https:\/\/moeb.ca\/en\/news-archive\/the-festival-dhistoire-de-montreal-first-edition\/\" \/>\n<meta property=\"og:locale\" content=\"en_US\" \/>\n<meta property=\"og:type\" content=\"article\" \/>\n<meta property=\"og:title\" content=\"The Festival d\u2019Histoire de Montr\u00e9al - First Edition - Mus\u00e9e des ondes Emile Berliner\" \/>\n<meta property=\"og:description\" content=\"The Mus\u00e9e des ondes Emile Berliner is proud to be taking part in the first edition of the Festival d\u2019histoire de Montr\u00e9al, a history festival organised by the Montreal History Museums from May 14 to May 16 2021. Listening Session: The Montreal Music Industry of the 1940s and 1950s As part of the Festival, the [&hellip;]\" \/>\n<meta property=\"og:url\" content=\"https:\/\/moeb.ca\/en\/news-archive\/the-festival-dhistoire-de-montreal-first-edition\/\" \/>\n<meta property=\"og:site_name\" content=\"Mus\u00e9e des ondes Emile Berliner\" \/>\n<meta property=\"article:publisher\" content=\"https:\/\/www.facebook.com\/Mus%c3%a9e-des-ondes-Emile-Berliner-368583116562909\/\" \/>\n<meta property=\"article:published_time\" content=\"2021-05-13T15:41:16+00:00\" \/>\n<meta property=\"article:modified_time\" content=\"2023-05-04T19:10:23+00:00\" \/>\n<meta property=\"og:image\" content=\"https:\/\/moeb.ca\/wp-content\/uploads\/2021\/05\/Festival-Histoire-de-Montreal.jpg\" \/>\n<meta name=\"author\" content=\"adminfrank\" \/>\n<meta name=\"twitter:card\" content=\"summary_large_image\" \/>\n<meta name=\"twitter:label1\" content=\"Written by\" \/>\n\t<meta name=\"twitter:data1\" content=\"adminfrank\" \/>\n\t<meta name=\"twitter:label2\" content=\"Est. reading time\" \/>\n\t<meta name=\"twitter:data2\" content=\"2 minutes\" \/>\n<script type=\"application\/ld+json\" class=\"yoast-schema-graph\">{\"@context\":\"https:\\\/\\\/schema.org\",\"@graph\":[{\"@type\":\"Article\",\"@id\":\"https:\\\/\\\/moeb.ca\\\/en\\\/news-archive\\\/the-festival-dhistoire-de-montreal-first-edition\\\/#article\",\"isPartOf\":{\"@id\":\"https:\\\/\\\/moeb.ca\\\/en\\\/news-archive\\\/the-festival-dhistoire-de-montreal-first-edition\\\/\"},\"author\":{\"name\":\"adminfrank\",\"@id\":\"https:\\\/\\\/moeb.ca\\\/en\\\/#\\\/schema\\\/person\\\/e96fbec64ce9a47ca38fa06666c058fb\"},\"headline\":\"The Festival d\u2019Histoire de Montr\u00e9al &#8211; First Edition\",\"datePublished\":\"2021-05-13T15:41:16+00:00\",\"dateModified\":\"2023-05-04T19:10:23+00:00\",\"mainEntityOfPage\":{\"@id\":\"https:\\\/\\\/moeb.ca\\\/en\\\/news-archive\\\/the-festival-dhistoire-de-montreal-first-edition\\\/\"},\"wordCount\":236,\"publisher\":{\"@id\":\"https:\\\/\\\/moeb.ca\\\/en\\\/#organization\"},\"image\":{\"@id\":\"https:\\\/\\\/moeb.ca\\\/en\\\/news-archive\\\/the-festival-dhistoire-de-montreal-first-edition\\\/#primaryimage\"},\"thumbnailUrl\":\"https:\\\/\\\/moeb.ca\\\/wp-content\\\/uploads\\\/2021\\\/05\\\/Festival-Histoire-de-Montreal.jpg\",\"articleSection\":[\"News Archive\"],\"inLanguage\":\"en-US\"},{\"@type\":\"WebPage\",\"@id\":\"https:\\\/\\\/moeb.ca\\\/en\\\/news-archive\\\/the-festival-dhistoire-de-montreal-first-edition\\\/\",\"url\":\"https:\\\/\\\/moeb.ca\\\/en\\\/news-archive\\\/the-festival-dhistoire-de-montreal-first-edition\\\/\",\"name\":\"The Festival d\u2019Histoire de Montr\u00e9al - First Edition - Mus\u00e9e des ondes Emile Berliner\",\"isPartOf\":{\"@id\":\"https:\\\/\\\/moeb.ca\\\/en\\\/#website\"},\"primaryImageOfPage\":{\"@id\":\"https:\\\/\\\/moeb.ca\\\/en\\\/news-archive\\\/the-festival-dhistoire-de-montreal-first-edition\\\/#primaryimage\"},\"image\":{\"@id\":\"https:\\\/\\\/moeb.ca\\\/en\\\/news-archive\\\/the-festival-dhistoire-de-montreal-first-edition\\\/#primaryimage\"},\"thumbnailUrl\":\"https:\\\/\\\/moeb.ca\\\/wp-content\\\/uploads\\\/2021\\\/05\\\/Festival-Histoire-de-Montreal.jpg\",\"datePublished\":\"2021-05-13T15:41:16+00:00\",\"dateModified\":\"2023-05-04T19:10:23+00:00\",\"breadcrumb\":{\"@id\":\"https:\\\/\\\/moeb.ca\\\/en\\\/news-archive\\\/the-festival-dhistoire-de-montreal-first-edition\\\/#breadcrumb\"},\"inLanguage\":\"en-US\",\"potentialAction\":[{\"@type\":\"ReadAction\",\"target\":[\"https:\\\/\\\/moeb.ca\\\/en\\\/news-archive\\\/the-festival-dhistoire-de-montreal-first-edition\\\/\"]}]},{\"@type\":\"ImageObject\",\"inLanguage\":\"en-US\",\"@id\":\"https:\\\/\\\/moeb.ca\\\/en\\\/news-archive\\\/the-festival-dhistoire-de-montreal-first-edition\\\/#primaryimage\",\"url\":\"https:\\\/\\\/moeb.ca\\\/wp-content\\\/uploads\\\/2021\\\/05\\\/Festival-Histoire-de-Montreal.jpg\",\"contentUrl\":\"https:\\\/\\\/moeb.ca\\\/wp-content\\\/uploads\\\/2021\\\/05\\\/Festival-Histoire-de-Montreal.jpg\"},{\"@type\":\"BreadcrumbList\",\"@id\":\"https:\\\/\\\/moeb.ca\\\/en\\\/news-archive\\\/the-festival-dhistoire-de-montreal-first-edition\\\/#breadcrumb\",\"itemListElement\":[{\"@type\":\"ListItem\",\"position\":1,\"name\":\"Home\",\"item\":\"https:\\\/\\\/moeb.ca\\\/en\\\/\"},{\"@type\":\"ListItem\",\"position\":2,\"name\":\"The Festival d\u2019Histoire de Montr\u00e9al &#8211; First Edition\"}]},{\"@type\":\"WebSite\",\"@id\":\"https:\\\/\\\/moeb.ca\\\/en\\\/#website\",\"url\":\"https:\\\/\\\/moeb.ca\\\/en\\\/\",\"name\":\"Mus\u00e9e des ondes Emile Berliner\",\"description\":\"Diffuser le patrimoine associ\u00e9 \u00e0 l&#039;histoire de l\u2019industrie des ondes sonores\",\"publisher\":{\"@id\":\"https:\\\/\\\/moeb.ca\\\/en\\\/#organization\"},\"potentialAction\":[{\"@type\":\"SearchAction\",\"target\":{\"@type\":\"EntryPoint\",\"urlTemplate\":\"https:\\\/\\\/moeb.ca\\\/en\\\/?s={search_term_string}\"},\"query-input\":{\"@type\":\"PropertyValueSpecification\",\"valueRequired\":true,\"valueName\":\"search_term_string\"}}],\"inLanguage\":\"en-US\"},{\"@type\":\"Organization\",\"@id\":\"https:\\\/\\\/moeb.ca\\\/en\\\/#organization\",\"name\":\"Mus\u00e9e des Ondes Emile Berliner\",\"url\":\"https:\\\/\\\/moeb.ca\\\/en\\\/\",\"logo\":{\"@type\":\"ImageObject\",\"inLanguage\":\"en-US\",\"@id\":\"https:\\\/\\\/moeb.ca\\\/en\\\/#\\\/schema\\\/logo\\\/image\\\/\",\"url\":\"https:\\\/\\\/moeb.ca\\\/wp-content\\\/uploads\\\/2020\\\/08\\\/moeb-logo.jpg\",\"contentUrl\":\"https:\\\/\\\/moeb.ca\\\/wp-content\\\/uploads\\\/2020\\\/08\\\/moeb-logo.jpg\",\"width\":225,\"height\":120,\"caption\":\"Mus\u00e9e des Ondes Emile Berliner\"},\"image\":{\"@id\":\"https:\\\/\\\/moeb.ca\\\/en\\\/#\\\/schema\\\/logo\\\/image\\\/\"},\"sameAs\":[\"https:\\\/\\\/www.facebook.com\\\/Mus\u00e9e-des-ondes-Emile-Berliner-368583116562909\\\/\"]},{\"@type\":\"Person\",\"@id\":\"https:\\\/\\\/moeb.ca\\\/en\\\/#\\\/schema\\\/person\\\/e96fbec64ce9a47ca38fa06666c058fb\",\"name\":\"adminfrank\",\"image\":{\"@type\":\"ImageObject\",\"inLanguage\":\"en-US\",\"@id\":\"https:\\\/\\\/secure.gravatar.com\\\/avatar\\\/c44ec61a824cb77cee3df62110fd9d538b1645b71e7c83299087b0f85ff21f8e?s=96&d=mm&r=g\",\"url\":\"https:\\\/\\\/secure.gravatar.com\\\/avatar\\\/c44ec61a824cb77cee3df62110fd9d538b1645b71e7c83299087b0f85ff21f8e?s=96&d=mm&r=g\",\"contentUrl\":\"https:\\\/\\\/secure.gravatar.com\\\/avatar\\\/c44ec61a824cb77cee3df62110fd9d538b1645b71e7c83299087b0f85ff21f8e?s=96&d=mm&r=g\",\"caption\":\"adminfrank\"},\"sameAs\":[\"https:\\\/\\\/moeb.ca\"]}]}<\/script>\n<!-- \/ Yoast SEO plugin. -->","yoast_head_json":{"title":"The Festival d\u2019Histoire de Montr\u00e9al - First Edition - Mus\u00e9e des ondes Emile Berliner","robots":{"index":"index","follow":"follow","max-snippet":"max-snippet:-1","max-image-preview":"max-image-preview:large","max-video-preview":"max-video-preview:-1"},"canonical":"https:\/\/moeb.ca\/en\/news-archive\/the-festival-dhistoire-de-montreal-first-edition\/","og_locale":"en_US","og_type":"article","og_title":"The Festival d\u2019Histoire de Montr\u00e9al - First Edition - Mus\u00e9e des ondes Emile Berliner","og_description":"The Mus\u00e9e des ondes Emile Berliner is proud to be taking part in the first edition of the Festival d\u2019histoire de Montr\u00e9al, a history festival organised by the Montreal History Museums from May 14 to May 16 2021. Listening Session: The Montreal Music Industry of the 1940s and 1950s As part of the Festival, the [&hellip;]","og_url":"https:\/\/moeb.ca\/en\/news-archive\/the-festival-dhistoire-de-montreal-first-edition\/","og_site_name":"Mus\u00e9e des ondes Emile Berliner","article_publisher":"https:\/\/www.facebook.com\/Mus%c3%a9e-des-ondes-Emile-Berliner-368583116562909\/","article_published_time":"2021-05-13T15:41:16+00:00","article_modified_time":"2023-05-04T19:10:23+00:00","og_image":[{"url":"https:\/\/moeb.ca\/wp-content\/uploads\/2021\/05\/Festival-Histoire-de-Montreal.jpg","type":"","width":"","height":""}],"author":"adminfrank","twitter_card":"summary_large_image","twitter_misc":{"Written by":"adminfrank","Est. reading time":"2 minutes"},"schema":{"@context":"https:\/\/schema.org","@graph":[{"@type":"Article","@id":"https:\/\/moeb.ca\/en\/news-archive\/the-festival-dhistoire-de-montreal-first-edition\/#article","isPartOf":{"@id":"https:\/\/moeb.ca\/en\/news-archive\/the-festival-dhistoire-de-montreal-first-edition\/"},"author":{"name":"adminfrank","@id":"https:\/\/moeb.ca\/en\/#\/schema\/person\/e96fbec64ce9a47ca38fa06666c058fb"},"headline":"The Festival d\u2019Histoire de Montr\u00e9al &#8211; First Edition","datePublished":"2021-05-13T15:41:16+00:00","dateModified":"2023-05-04T19:10:23+00:00","mainEntityOfPage":{"@id":"https:\/\/moeb.ca\/en\/news-archive\/the-festival-dhistoire-de-montreal-first-edition\/"},"wordCount":236,"publisher":{"@id":"https:\/\/moeb.ca\/en\/#organization"},"image":{"@id":"https:\/\/moeb.ca\/en\/news-archive\/the-festival-dhistoire-de-montreal-first-edition\/#primaryimage"},"thumbnailUrl":"https:\/\/moeb.ca\/wp-content\/uploads\/2021\/05\/Festival-Histoire-de-Montreal.jpg","articleSection":["News Archive"],"inLanguage":"en-US"},{"@type":"WebPage","@id":"https:\/\/moeb.ca\/en\/news-archive\/the-festival-dhistoire-de-montreal-first-edition\/","url":"https:\/\/moeb.ca\/en\/news-archive\/the-festival-dhistoire-de-montreal-first-edition\/","name":"The Festival d\u2019Histoire de Montr\u00e9al - First Edition - Mus\u00e9e des ondes Emile Berliner","isPartOf":{"@id":"https:\/\/moeb.ca\/en\/#website"},"primaryImageOfPage":{"@id":"https:\/\/moeb.ca\/en\/news-archive\/the-festival-dhistoire-de-montreal-first-edition\/#primaryimage"},"image":{"@id":"https:\/\/moeb.ca\/en\/news-archive\/the-festival-dhistoire-de-montreal-first-edition\/#primaryimage"},"thumbnailUrl":"https:\/\/moeb.ca\/wp-content\/uploads\/2021\/05\/Festival-Histoire-de-Montreal.jpg","datePublished":"2021-05-13T15:41:16+00:00","dateModified":"2023-05-04T19:10:23+00:00","breadcrumb":{"@id":"https:\/\/moeb.ca\/en\/news-archive\/the-festival-dhistoire-de-montreal-first-edition\/#breadcrumb"},"inLanguage":"en-US","potentialAction":[{"@type":"ReadAction","target":["https:\/\/moeb.ca\/en\/news-archive\/the-festival-dhistoire-de-montreal-first-edition\/"]}]},{"@type":"ImageObject","inLanguage":"en-US","@id":"https:\/\/moeb.ca\/en\/news-archive\/the-festival-dhistoire-de-montreal-first-edition\/#primaryimage","url":"https:\/\/moeb.ca\/wp-content\/uploads\/2021\/05\/Festival-Histoire-de-Montreal.jpg","contentUrl":"https:\/\/moeb.ca\/wp-content\/uploads\/2021\/05\/Festival-Histoire-de-Montreal.jpg"},{"@type":"BreadcrumbList","@id":"https:\/\/moeb.ca\/en\/news-archive\/the-festival-dhistoire-de-montreal-first-edition\/#breadcrumb","itemListElement":[{"@type":"ListItem","position":1,"name":"Home","item":"https:\/\/moeb.ca\/en\/"},{"@type":"ListItem","position":2,"name":"The Festival d\u2019Histoire de Montr\u00e9al &#8211; First Edition"}]},{"@type":"WebSite","@id":"https:\/\/moeb.ca\/en\/#website","url":"https:\/\/moeb.ca\/en\/","name":"Mus\u00e9e des ondes Emile Berliner","description":"Diffuser le patrimoine associ\u00e9 \u00e0 l&#039;histoire de l\u2019industrie des ondes sonores","publisher":{"@id":"https:\/\/moeb.ca\/en\/#organization"},"potentialAction":[{"@type":"SearchAction","target":{"@type":"EntryPoint","urlTemplate":"https:\/\/moeb.ca\/en\/?s={search_term_string}"},"query-input":{"@type":"PropertyValueSpecification","valueRequired":true,"valueName":"search_term_string"}}],"inLanguage":"en-US"},{"@type":"Organization","@id":"https:\/\/moeb.ca\/en\/#organization","name":"Mus\u00e9e des Ondes Emile Berliner","url":"https:\/\/moeb.ca\/en\/","logo":{"@type":"ImageObject","inLanguage":"en-US","@id":"https:\/\/moeb.ca\/en\/#\/schema\/logo\/image\/","url":"https:\/\/moeb.ca\/wp-content\/uploads\/2020\/08\/moeb-logo.jpg","contentUrl":"https:\/\/moeb.ca\/wp-content\/uploads\/2020\/08\/moeb-logo.jpg","width":225,"height":120,"caption":"Mus\u00e9e des Ondes Emile Berliner"},"image":{"@id":"https:\/\/moeb.ca\/en\/#\/schema\/logo\/image\/"},"sameAs":["https:\/\/www.facebook.com\/Mus\u00e9e-des-ondes-Emile-Berliner-368583116562909\/"]},{"@type":"Person","@id":"https:\/\/moeb.ca\/en\/#\/schema\/person\/e96fbec64ce9a47ca38fa06666c058fb","name":"adminfrank","image":{"@type":"ImageObject","inLanguage":"en-US","@id":"https:\/\/secure.gravatar.com\/avatar\/c44ec61a824cb77cee3df62110fd9d538b1645b71e7c83299087b0f85ff21f8e?s=96&d=mm&r=g","url":"https:\/\/secure.gravatar.com\/avatar\/c44ec61a824cb77cee3df62110fd9d538b1645b71e7c83299087b0f85ff21f8e?s=96&d=mm&r=g","contentUrl":"https:\/\/secure.gravatar.com\/avatar\/c44ec61a824cb77cee3df62110fd9d538b1645b71e7c83299087b0f85ff21f8e?s=96&d=mm&r=g","caption":"adminfrank"},"sameAs":["https:\/\/moeb.ca"]}]}},"_links":{"self":[{"href":"https:\/\/moeb.ca\/en\/wp-json\/wp\/v2\/posts\/999","targetHints":{"allow":["GET"]}}],"collection":[{"href":"https:\/\/moeb.ca\/en\/wp-json\/wp\/v2\/posts"}],"about":[{"href":"https:\/\/moeb.ca\/en\/wp-json\/wp\/v2\/types\/post"}],"author":[{"embeddable":true,"href":"https:\/\/moeb.ca\/en\/wp-json\/wp\/v2\/users\/1"}],"replies":[{"embeddable":true,"href":"https:\/\/moeb.ca\/en\/wp-json\/wp\/v2\/comments?post=999"}],"version-history":[{"count":0,"href":"https:\/\/moeb.ca\/en\/wp-json\/wp\/v2\/posts\/999\/revisions"}],"wp:attachment":[{"href":"https:\/\/moeb.ca\/en\/wp-json\/wp\/v2\/media?parent=999"}],"wp:term":[{"taxonomy":"category","embeddable":true,"href":"https:\/\/moeb.ca\/en\/wp-json\/wp\/v2\/categories?post=999"},{"taxonomy":"post_tag","embeddable":true,"href":"https:\/\/moeb.ca\/en\/wp-json\/wp\/v2\/tags?post=999"}],"curies":[{"name":"wp","href":"https:\/\/api.w.org\/{rel}","templated":true}]}}